{"id":1231920,"date":"2021-09-03T21:18:05","date_gmt":"2021-09-04T02:18:05","guid":{"rendered":"https:\/\/www.acapulco.press\/?p=1231920"},"modified":"2021-09-03T21:18:05","modified_gmt":"2021-09-04T02:18:05","slug":"colombia-desarticula-red-que-enviaba-coca-a-eu-en-aviones","status":"publish","type":"post","link":"https:\/\/www.acapulcopress.com\/index.php\/2021\/09\/03\/colombia-desarticula-red-que-enviaba-coca-a-eu-en-aviones\/","title":{"rendered":"Colombia desarticula red que enviaba coca a EU en aviones"},"content":{"rendered":"<p style=\"text-align: justify;\">BOGOT\u00c1, Colombia. * 3 de septiembre de 2021.<br \/>\n<em>) <a href=\"https:\/\/apnews.com\/article\/noticias-8ca5ac136de8c5cf1f3c4fbdfdd1e130\" target=\"_blank\" rel=\"noopener\">AP<\/a>.<\/em><br \/>\nOcho personas fueron arrestadas en Colombia acusadas de integrar de una red de narcotr\u00e1fico que utilizaba vuelos ch\u00e1rter para enviar toneladas de coca\u00edna a Estados Unidos.<\/p>\n<p style=\"text-align: justify;\">\u201cLas aeronaves, al parecer, eran abastecidas y acondicionadas para ocultar los estupefacientes y mejorar su autonom\u00eda de vuelo en hangares\u201d, indic\u00f3 la Fiscal\u00eda el viernes en un comunicado.<\/p>\n<p style=\"text-align: justify;\">Seg\u00fan la Fiscal\u00eda, la organizaci\u00f3n criminal desarticulada se \u201cdedicada al tr\u00e1fico trasnacional de sustancias estupefacientes\u201d y estar\u00eda integrada por empleados, representantes y pilotos de empresas aeron\u00e1uticas y de turismo.<\/p>\n<p style=\"text-align: justify;\">De acuerdo con la investigaci\u00f3n \u2014apoyada por la polic\u00eda antinarc\u00f3ticos de Colombia y la agencia antidrogas estadounidense DEA\u2014 las aeronaves eran trasladadas a zonas costeras en Sucre y Choc\u00f3, al norte y oeste del pa\u00eds, respectivamente, donde se identificaron pistas clandestinas y eran cargadas de narc\u00f3ticos con destino a Estados Unidos y Centroam\u00e9rica.<\/p>\n<p style=\"text-align: justify;\">Seg\u00fan la polic\u00eda antinarc\u00f3ticos, esa organizaci\u00f3n intent\u00f3 enviar 590 kilos de clorhidrato de coca\u00edna en el a\u00f1o 2019, en una aeronave con matr\u00edcula HK5046-G desde el aeropuerto de Nuqu\u00ed, en departamento del Choc\u00f3, hacia Centroam\u00e9rica.<\/p>\n<p style=\"text-align: justify;\">Los capturados fueron imputados por el delito de tr\u00e1fico, fabricaci\u00f3n o porte de estupefacientes agravado, que en Colombia prev\u00e9 penas de hasta 30 a\u00f1os de prisi\u00f3n.<\/p>\n<p style=\"text-align: justify;\">Al ser presentados ante un juez s\u00f3lo una de las personas capturadas acept\u00f3 su responsabilidad en el caso. Se trata de Luz Stella Acevedo Mart\u00ednez, alias \u201cLuz\u201d, quien seg\u00fan la Fiscal\u00eda presuntamente ofrec\u00eda d\u00e1divas a las autoridades para \u201cque permitieran la salida de las aeronaves\u201d.<\/p>\n<p style=\"text-align: justify;\">Entre los capturados est\u00e1 un hombre identificado como Luis Fernando Heredia Berm\u00fadez, alias \u201cFeria\u201d, se\u00f1alado de ser uno de los presuntos articuladores de la red y gerente de una agencia aeron\u00e1utica llamada Aerocolombia. \u201cEste hombre ser\u00eda el encargado de agendar los planes de vuelo de las aeronaves que llevaban los alijos de coca\u00edna\u201d, agreg\u00f3 la Fiscal\u00eda.<\/p>\n<p style=\"text-align: justify;\">Tras los operativos las autoridades decomisaron \u201cdos aeronaves y m\u00e1s de media tonelada de clorhidrato de coca\u00edna\u201d, explic\u00f3 Mar\u00eda Elena Monsalve, directora Especializada contra el Narcotr\u00e1fico de la Fiscal\u00eda, en una declaraci\u00f3n oficial.<\/p>\n<p style=\"text-align: justify;\">La organizaci\u00f3n ilegal habr\u00eda creado un sistema artesanal de abastecimiento durante el vuelo. La polic\u00eda antinarc\u00f3ticos indic\u00f3 que las aeronaves ten\u00edan modificaciones en las bombas de combustible con lo cual podr\u00edan \u201cllegar al destino sin realizar paradas en otros aeropuertos donde podr\u00edan ser objeto de inspecciones por las autoridades\u201d.<\/p>\n<p style=\"text-align: justify;\">En Colombia el \u00e1rea cultivada de hoja de coca lleg\u00f3 en 2020 a 245.000 hect\u00e1reas, la cifra m\u00e1s alta de la \u00faltima d\u00e9cada, seg\u00fan la Oficina de Pol\u00edtica Nacional de Control de Drogas de los Estados Unidos.<\/p>\n","protected":false},"excerpt":{"rendered":"<p>BOGOT\u00c1, Colombia. * 3 de septiembre de 2021. ) AP. Ocho personas fueron arrestadas en Colombia acusadas de integrar de una red de narcotr\u00e1fico que utilizaba vuelos ch\u00e1rter para enviar toneladas de coca\u00edna a Estados Unidos. \u201cLas aeronaves, al parecer, eran abastecidas y acondicionadas para ocultar los estupefacientes y mejorar su autonom\u00eda de vuelo en&#8230;<\/p>\n","protected":false},"author":2,"featured_media":1231921,"comment_status":"closed","ping_status":"closed","sticky":false,"template":"","format":"standard","meta":{"footnotes":""},"categories":[1969],"tags":[6030,13535],"class_list":["post-1231920","post","type-post","status-publish","format-standard","has-post-thumbnail","hentry","category-trending","tag-colombia","tag-narcotrafico"],"_links":{"self":[{"href":"https:\/\/www.acapulcopress.com\/index.php\/wp-json\/wp\/v2\/posts\/1231920","targetHints":{"allow":["GET"]}}],"collection":[{"href":"https:\/\/www.acapulcopress.com\/index.php\/wp-json\/wp\/v2\/posts"}],"about":[{"href":"https:\/\/www.acapulcopress.com\/index.php\/wp-json\/wp\/v2\/types\/post"}],"author":[{"embeddable":true,"href":"https:\/\/www.acapulcopress.com\/index.php\/wp-json\/wp\/v2\/users\/2"}],"replies":[{"embeddable":true,"href":"https:\/\/www.acapulcopress.com\/index.php\/wp-json\/wp\/v2\/comments?post=1231920"}],"version-history":[{"count":0,"href":"https:\/\/www.acapulcopress.com\/index.php\/wp-json\/wp\/v2\/posts\/1231920\/revisions"}],"wp:featuredmedia":[{"embeddable":true,"href":"https:\/\/www.acapulcopress.com\/index.php\/wp-json\/"}],"wp:attachment":[{"href":"https:\/\/www.acapulcopress.com\/index.php\/wp-json\/wp\/v2\/media?parent=1231920"}],"wp:term":[{"taxonomy":"category","embeddable":true,"href":"https:\/\/www.acapulcopress.com\/index.php\/wp-json\/wp\/v2\/categories?post=1231920"},{"taxonomy":"post_tag","embeddable":true,"href":"https:\/\/www.acapulcopress.com\/index.php\/wp-json\/wp\/v2\/tags?post=1231920"}],"curies":[{"name":"wp","href":"https:\/\/api.w.org\/{rel}","templated":true}]}}