{"id":1231940,"date":"2021-09-06T18:54:17","date_gmt":"2021-09-06T23:54:17","guid":{"rendered":"https:\/\/www.acapulco.press\/?p=1231940"},"modified":"2021-09-06T18:54:17","modified_gmt":"2021-09-06T23:54:17","slug":"morena-guerrero-promovera-cursos-de-capacitacion-para-alcaldes-marcial","status":"publish","type":"post","link":"https:\/\/www.acapulcopress.com\/index.php\/2021\/09\/06\/morena-guerrero-promovera-cursos-de-capacitacion-para-alcaldes-marcial\/","title":{"rendered":"Morena promover\u00e1 cursos de capacitaci\u00f3n para alcaldes y ediles de Guerrero | Marcial"},"content":{"rendered":"<p style=\"text-align: justify;\"><img loading=\"lazy\" decoding=\"async\" class=\"alignleft size-medium wp-image-1231947\" src=\"https:\/\/www.acapulco.press\/wp-content\/uploads\/2021\/09\/Ivonne-Cisneros-Lujan-375x465.jpg\" alt=\"\" width=\"375\" height=\"465\" \/>CHILPANCINGO. * 6 de septiembre de 2021.<br \/>\n<em>) MorenaGro.<\/em><br \/>\nEl dirigente de Morena en Guerrero, Marcial Rodr\u00edguez Salda\u00f1a, inform\u00f3 que en breve se llevar\u00e1n a cabo cursos de capacitaci\u00f3n para alcaldes, s\u00edndicos y regidoras electos de Morena en el Estado.<\/p>\n<p style=\"text-align: justify;\">Luego de una reuni\u00f3n virtual de trabajo con la Diputada Federal\u00a0 Ang\u00e9lica Ivonne Cisneros Luj\u00e1n, coordinadora nacional del Programa de Formaci\u00f3n Municipal del Instituto Nacional de Formaci\u00f3n Pol\u00edtica de Morena, se acord\u00f3 que en Guerrero se apliquen cursos de capacitaci\u00f3n\u00a0 a los alcaldes elector y sus colaboradores de Cabildo a fin de de implementar gobiernos bien organizados y estructurados para cimentar la Cuarta Transformaci\u00f3n en Guerrero, detall\u00f3 el l\u00edder estatal morenista.<\/p>\n","protected":false},"excerpt":{"rendered":"<p>CHILPANCINGO. * 6 de septiembre de 2021. ) MorenaGro. El dirigente de Morena en Guerrero, Marcial Rodr\u00edguez Salda\u00f1a, inform\u00f3 que en breve se llevar\u00e1n a cabo cursos de capacitaci\u00f3n para alcaldes, s\u00edndicos y regidoras electos de Morena en el Estado. Luego de una reuni\u00f3n virtual de trabajo con la Diputada Federal\u00a0 Ang\u00e9lica Ivonne Cisneros Luj\u00e1n,&#8230;<\/p>\n","protected":false},"author":2,"featured_media":1231941,"comment_status":"closed","ping_status":"closed","sticky":false,"template":"","format":"standard","meta":{"footnotes":""},"categories":[18561,2009],"tags":[3955,12457,13305],"class_list":["post-1231940","post","type-post","status-publish","format-standard","has-post-thumbnail","hentry","category-society-politics","category-politics","tag-angelica-ivonne-cisneros-lujan","tag-marcial-rodriguez-saldana","tag-morena-guerrero"],"_links":{"self":[{"href":"https:\/\/www.acapulcopress.com\/index.php\/wp-json\/wp\/v2\/posts\/1231940","targetHints":{"allow":["GET"]}}],"collection":[{"href":"https:\/\/www.acapulcopress.com\/index.php\/wp-json\/wp\/v2\/posts"}],"about":[{"href":"https:\/\/www.acapulcopress.com\/index.php\/wp-json\/wp\/v2\/types\/post"}],"author":[{"embeddable":true,"href":"https:\/\/www.acapulcopress.com\/index.php\/wp-json\/wp\/v2\/users\/2"}],"replies":[{"embeddable":true,"href":"https:\/\/www.acapulcopress.com\/index.php\/wp-json\/wp\/v2\/comments?post=1231940"}],"version-history":[{"count":0,"href":"https:\/\/www.acapulcopress.com\/index.php\/wp-json\/wp\/v2\/posts\/1231940\/revisions"}],"wp:featuredmedia":[{"embeddable":true,"href":"https:\/\/www.acapulcopress.com\/index.php\/wp-json\/"}],"wp:attachment":[{"href":"https:\/\/www.acapulcopress.com\/index.php\/wp-json\/wp\/v2\/media?parent=1231940"}],"wp:term":[{"taxonomy":"category","embeddable":true,"href":"https:\/\/www.acapulcopress.com\/index.php\/wp-json\/wp\/v2\/categories?post=1231940"},{"taxonomy":"post_tag","embeddable":true,"href":"https:\/\/www.acapulcopress.com\/index.php\/wp-json\/wp\/v2\/tags?post=1231940"}],"curies":[{"name":"wp","href":"https:\/\/api.w.org\/{rel}","templated":true}]}}