{"id":1231951,"date":"2021-09-06T19:15:02","date_gmt":"2021-09-07T00:15:02","guid":{"rendered":"https:\/\/www.acapulco.press\/?p=1231951"},"modified":"2021-09-06T19:15:02","modified_gmt":"2021-09-07T00:15:02","slug":"fge-logra-sentencia-de-33-anos-contra-secuestradora-de-chilapa","status":"publish","type":"post","link":"https:\/\/www.acapulcopress.com\/index.php\/2021\/09\/06\/fge-logra-sentencia-de-33-anos-contra-secuestradora-de-chilapa\/","title":{"rendered":"FGE logra sentencia de 33 a\u00f1os contra secuestradora de Chilapa"},"content":{"rendered":"<p style=\"text-align: justify;\">CHILPANCINGO. * 6 de septiembre de 2021.<br \/>\n<em>) <a href=\"https:\/\/fiscaliaguerrero.gob.mx\" target=\"_blank\" rel=\"noopener\">https:\/\/fiscaliaguerrero.gob.mx<\/a><\/em><br \/>\nLa Fiscal\u00eda General del Estado logr\u00f3 sentencia condenatoria de 33 a\u00f1os de prisi\u00f3n en contra de Ana Jazm\u00edn \u00abN\u00bb, como responsable en la comisi\u00f3n del delito de secuestro agravado en el municipio de Chilapa de \u00c1lvarez.<\/p>\n<p style=\"text-align: justify;\">El Ministerio P\u00fablico acredit\u00f3 que la imputada particip\u00f3 en el delito en menci\u00f3n en compa\u00f1\u00eda de una persona del sexo masculino el d\u00eda 13 de mayo de 2020, cuando la v\u00edctima se transportaba en motocicleta fue interceptada y privada de la libertad, para m\u00e1s tarde exigir un pago por su liberaci\u00f3n.<\/p>\n<p style=\"text-align: justify;\">Agentes del Grupo Antisecuestro desplegaron un operativo y detuvieron en flagrancia a Ana Jazm\u00edn \u00abN\u00bb en el momento de acudir por la entrega del pago.<\/p>\n<p style=\"text-align: justify;\">En audiencia, el Juez de Control dict\u00f3 sentencia condenatoria de 33 a\u00f1os y cuatro meses de prisi\u00f3n y deber\u00e1 pagar una multa, quedando interna en el Centro de Reinserci\u00f3n Social de Chilpancingo, Guerrero.<\/p>\n","protected":false},"excerpt":{"rendered":"<p>CHILPANCINGO. * 6 de septiembre de 2021. ) https:\/\/fiscaliaguerrero.gob.mx La Fiscal\u00eda General del Estado logr\u00f3 sentencia condenatoria de 33 a\u00f1os de prisi\u00f3n en contra de Ana Jazm\u00edn \u00abN\u00bb, como responsable en la comisi\u00f3n del delito de secuestro agravado en el municipio de Chilapa de \u00c1lvarez. El Ministerio P\u00fablico acredit\u00f3 que la imputada particip\u00f3 en el&#8230;<\/p>\n","protected":false},"author":2,"featured_media":1231952,"comment_status":"closed","ping_status":"closed","sticky":false,"template":"","format":"standard","meta":{"footnotes":""},"categories":[1969,2005],"tags":[8703,10946,14737],"class_list":["post-1231951","post","type-post","status-publish","format-standard","has-post-thumbnail","hentry","category-trending","category-seguridad-y-justicia","tag-fiscalia-general-del-estado-de-guerrero-fge","tag-jorge-zuriel-de-los-santos-barrila","tag-policia-ministerial-de-guerrero"],"_links":{"self":[{"href":"https:\/\/www.acapulcopress.com\/index.php\/wp-json\/wp\/v2\/posts\/1231951","targetHints":{"allow":["GET"]}}],"collection":[{"href":"https:\/\/www.acapulcopress.com\/index.php\/wp-json\/wp\/v2\/posts"}],"about":[{"href":"https:\/\/www.acapulcopress.com\/index.php\/wp-json\/wp\/v2\/types\/post"}],"author":[{"embeddable":true,"href":"https:\/\/www.acapulcopress.com\/index.php\/wp-json\/wp\/v2\/users\/2"}],"replies":[{"embeddable":true,"href":"https:\/\/www.acapulcopress.com\/index.php\/wp-json\/wp\/v2\/comments?post=1231951"}],"version-history":[{"count":0,"href":"https:\/\/www.acapulcopress.com\/index.php\/wp-json\/wp\/v2\/posts\/1231951\/revisions"}],"wp:featuredmedia":[{"embeddable":true,"href":"https:\/\/www.acapulcopress.com\/index.php\/wp-json\/"}],"wp:attachment":[{"href":"https:\/\/www.acapulcopress.com\/index.php\/wp-json\/wp\/v2\/media?parent=1231951"}],"wp:term":[{"taxonomy":"category","embeddable":true,"href":"https:\/\/www.acapulcopress.com\/index.php\/wp-json\/wp\/v2\/categories?post=1231951"},{"taxonomy":"post_tag","embeddable":true,"href":"https:\/\/www.acapulcopress.com\/index.php\/wp-json\/wp\/v2\/tags?post=1231951"}],"curies":[{"name":"wp","href":"https:\/\/api.w.org\/{rel}","templated":true}]}}