{"id":1231958,"date":"2021-09-06T20:24:20","date_gmt":"2021-09-07T01:24:20","guid":{"rendered":"https:\/\/www.acapulco.press\/?p=1231958"},"modified":"2021-09-06T20:24:20","modified_gmt":"2021-09-07T01:24:20","slug":"reconstruyen-en-paises-bajos-rostro-del-primer-neandertal-neerlandes","status":"publish","type":"post","link":"https:\/\/www.acapulcopress.com\/index.php\/2021\/09\/06\/reconstruyen-en-paises-bajos-rostro-del-primer-neandertal-neerlandes\/","title":{"rendered":"Reconstruyen en Pa\u00edses Bajos rostro del primer neandertal neerland\u00e9s"},"content":{"rendered":"<p style=\"text-align: justify;\">LA HAYA. * 6 de septiembre de 2021.<br \/>\n<em>) <a href=\"https:\/\/www.efe.com\/efe\/espana\/efefuturo\/reconstruido-en-paises-bajos-el-rostro-del-primer-neandertal-neerlandes\/50000905-4623581\" target=\"_blank\" rel=\"noopener\">Efe<\/a>.<\/em><\/p>\n<p style=\"text-align: justify;\">El Museo Nacional de Antig\u00fcedades de Pa\u00edses Bajos present\u00f3 este lunes una reconstrucci\u00f3n facial del primer neandertal neerland\u00e9s, Krijn, un joven que vivi\u00f3 hace entre 50.000 y 70.000 a\u00f1os y cuyo fragmento de cr\u00e1neo fue localizado hace dos d\u00e9cadas.<\/p>\n<p style=\"text-align: justify;\">El f\u00f3sil del neandertal, que se podr\u00e1 ver en el museo a partir de ma\u00f1ana y hasta el 31 de octubre, tiene un bulto notable en el ojo derecho, resultado de un peque\u00f1o tumor, y fue localizado hace veinte a\u00f1os en Zelanda por el paleont\u00f3logo aficionado Luc Anthonis, despu\u00e9s de ser aspirado del mar del Norte por una draga de succi\u00f3n frente a la costa.<\/p>\n<p style=\"text-align: justify;\">El fragmento de hueso localizado solo med\u00eda diez por seis cent\u00edmetros, pero fue la primera pieza de un neandertal que se desenterr\u00f3 del mar del Norte y la primera vez que se encontr\u00f3 esta especie humana en Pa\u00edses Bajos.<\/p>\n<p style=\"text-align: justify;\">Desde entonces, la pieza ha estado bajo investigaci\u00f3n en la Universidad de Leiden, junto a la red de expertos del Instituto Max Planck, y se lleg\u00f3 a la conclusi\u00f3n de que Krijn era un joven \u201cbastante robusto\u201d y com\u00eda principalmente carne, seg\u00fan un examen de los is\u00f3topos estables.<\/p>\n<p style=\"text-align: justify;\">En cuanto al hueco situado detr\u00e1s de su gran arco de ceja, los investigadores, que apodaron al joven como \u00abneandertal Krijn\u00bb, aseguran que es el resultado de un tumor subcut\u00e1neo inofensivo, aunque \u201cnunca antes se hab\u00eda diagnosticado tal condici\u00f3n en un neandertal\u201d, subray\u00f3 el museo.<\/p>\n<p style=\"text-align: justify;\">Adrie y Alfons Kennis, dos famosos paleoartistas neerlandeses, analizaron los rasgos distintivos de varios cr\u00e1neos neandertales para crear un rostro \u201ccient\u00edficamente s\u00f3lido\u201d de Krijn, uno de los habitantes de Doggerland, la tierra prehist\u00f3rica sumergida en el mar del Norte frente a la costa neerlandesa, cuando el nivel del mar era al menos 50 metros m\u00e1s bajo de lo que es ahora.<\/p>\n<p style=\"text-align: justify;\">Los Kennis son conocidos por varias reconstrucciones de humanos prehist\u00f3ricos, como \u00d6tzi, la momia del \u201cEl hombre de hielo\u201d o la figura de un ni\u00f1o de 11 a\u00f1os.<\/p>\n<p style=\"text-align: justify;\">Para las labores de reconstrucci\u00f3n, se utilizaron las caracter\u00edsticas examinadas del f\u00f3sil, coincidencias digitales con cr\u00e1neos neandertales para hacer comparaciones y los \u00faltimos conocimientos sobre los neandertales y sus apariencias, incluido el color de ojos, cabello y piel.<\/p>\n<p style=\"text-align: justify;\">La pinacoteca contar\u00e1 ahora la historia de casi un mill\u00f3n de a\u00f1os de ocupaci\u00f3n humana, paisaje y cambio clim\u00e1tico en la vasta y rica zona prehist\u00f3rica de la costa neerlandesa.<\/p>\n<p style=\"text-align: justify;\">\u201cKrijn y los otros hallazgos muestran que una mayor investigaci\u00f3n y protecci\u00f3n del mar del Norte es de gran importancia cient\u00edfica para la arqueolog\u00eda y la paleontolog\u00eda\u201d, a\u00f1adi\u00f3 el museo.<\/p>\n<p style=\"text-align: justify;\">La exposici\u00f3n \u201cDoggerland\u201d comenzar\u00e1 en la Edad de Hielo, cuando el fondo del mar sol\u00eda estar seco, siendo hogar de mamuts, rinocerontes lanudos, ciervos gigantes, neandertales y los primeros humanos modernos, y terminar\u00e1 hace unos 8.000 a\u00f1os, en un mundo prehist\u00f3rico que qued\u00f3 sumergido por el aumento del nivel de agua.<\/p>\n","protected":false},"excerpt":{"rendered":"<p>LA HAYA. * 6 de septiembre de 2021. ) Efe. El Museo Nacional de Antig\u00fcedades de Pa\u00edses Bajos present\u00f3 este lunes una reconstrucci\u00f3n facial del primer neandertal neerland\u00e9s, Krijn, un joven que vivi\u00f3 hace entre 50.000 y 70.000 a\u00f1os y cuyo fragmento de cr\u00e1neo fue localizado hace dos d\u00e9cadas. El f\u00f3sil del neandertal, que se&#8230;<\/p>\n","protected":false},"author":2,"featured_media":1231959,"comment_status":"closed","ping_status":"closed","sticky":false,"template":"","format":"standard","meta":{"footnotes":""},"categories":[18568,1972,1988],"tags":[11487,13456,14934],"class_list":["post-1231958","post","type-post","status-publish","format-standard","has-post-thumbnail","hentry","category-ciencia-y-tecnologia","category-special","category-lifestyles","tag-krijn","tag-museo-nacional-de-antiguedades","tag-primer-neandertal-neerlandes"],"_links":{"self":[{"href":"https:\/\/www.acapulcopress.com\/index.php\/wp-json\/wp\/v2\/posts\/1231958","targetHints":{"allow":["GET"]}}],"collection":[{"href":"https:\/\/www.acapulcopress.com\/index.php\/wp-json\/wp\/v2\/posts"}],"about":[{"href":"https:\/\/www.acapulcopress.com\/index.php\/wp-json\/wp\/v2\/types\/post"}],"author":[{"embeddable":true,"href":"https:\/\/www.acapulcopress.com\/index.php\/wp-json\/wp\/v2\/users\/2"}],"replies":[{"embeddable":true,"href":"https:\/\/www.acapulcopress.com\/index.php\/wp-json\/wp\/v2\/comments?post=1231958"}],"version-history":[{"count":0,"href":"https:\/\/www.acapulcopress.com\/index.php\/wp-json\/wp\/v2\/posts\/1231958\/revisions"}],"wp:featuredmedia":[{"embeddable":true,"href":"https:\/\/www.acapulcopress.com\/index.php\/wp-json\/"}],"wp:attachment":[{"href":"https:\/\/www.acapulcopress.com\/index.php\/wp-json\/wp\/v2\/media?parent=1231958"}],"wp:term":[{"taxonomy":"category","embeddable":true,"href":"https:\/\/www.acapulcopress.com\/index.php\/wp-json\/wp\/v2\/categories?post=1231958"},{"taxonomy":"post_tag","embeddable":true,"href":"https:\/\/www.acapulcopress.com\/index.php\/wp-json\/wp\/v2\/tags?post=1231958"}],"curies":[{"name":"wp","href":"https:\/\/api.w.org\/{rel}","templated":true}]}}