{"id":1231964,"date":"2021-09-06T20:39:02","date_gmt":"2021-09-07T01:39:02","guid":{"rendered":"https:\/\/www.acapulco.press\/?p=1231964"},"modified":"2021-09-06T20:39:02","modified_gmt":"2021-09-07T01:39:02","slug":"operan-a-pele-de-un-tumor-en-el-colon","status":"publish","type":"post","link":"https:\/\/www.acapulcopress.com\/index.php\/2021\/09\/06\/operan-a-pele-de-un-tumor-en-el-colon\/","title":{"rendered":"Operan a Pel\u00e9 de un tumor en el colon"},"content":{"rendered":"<p style=\"text-align: justify;\">SAO PAULO. * 6 de septiembre de 2021.<br \/>\n<em>) <a href=\"https:\/\/apnews.com\/article\/deportes-293d14a7252a74b6820f9c2bbf841c06\" target=\"_blank\" rel=\"noopener\">AP<\/a>.<\/em><\/p>\n<p style=\"text-align: justify;\">El Museo Nacional de Antig\u00fcedades de Pa\u00edses Bajos present\u00f3 este lunes una reconstrucci\u00f3n facial del primer neandertal neerland\u00e9s, Krijn, un joven que vivi\u00f3 hace entre 50.000 y 70.000 a\u00f1os y cuyo fragmento de cr\u00e1neo fue localizado hace dos d\u00e9cadas.<\/p>\n<p style=\"text-align: justify;\">El f\u00f3sil del neandertal, que se podr\u00e1 ver en el museo a partir de ma\u00f1ana y hasta el 31 de octubre, tiene un bulto notable en el ojo derecho, resultado de un peque\u00f1o tumor, y fue localizado hace veinte a\u00f1os en Zelanda por el paleont\u00f3logo aficionado Luc Anthonis, despu\u00e9s de ser aspirado del mar del Norte por una draga de succi\u00f3n frente a la costa.<\/p>\n<p style=\"text-align: justify;\">El fragmento de hueso localizado solo med\u00eda diez por seis cent\u00edmetros, pero fue la primera pieza de un neandertal que se desenterr\u00f3 del mar del Norte y la primera vez que se encontr\u00f3 esta especie humana en Pa\u00edses Bajos.<\/p>\n<p style=\"text-align: justify;\">Desde entonces, la pieza ha estado bajo investigaci\u00f3n en la Universidad de Leiden, junto a la red de expertos del Instituto Max Planck, y se lleg\u00f3 a la conclusi\u00f3n de que Krijn era un joven \u201cbastante robusto\u201d y com\u00eda principalmente carne, seg\u00fan un examen de los is\u00f3topos estables.<\/p>\n<p style=\"text-align: justify;\">En cuanto al hueco situado detr\u00e1s de su gran arco de ceja, los investigadores, que apodaron al joven como \u00abneandertal Krijn\u00bb, aseguran que es el resultado de un tumor subcut\u00e1neo inofensivo, aunque \u201cnunca antes se hab\u00eda diagnosticado tal condici\u00f3n en un neandertal\u201d, subray\u00f3 el museo.<\/p>\n<p style=\"text-align: justify;\">Adrie y Alfons Kennis, dos famosos paleoartistas neerlandeses, analizaron los rasgos distintivos de varios cr\u00e1neos neandertales para crear un rostro \u201ccient\u00edficamente s\u00f3lido\u201d de Krijn, uno de los habitantes de Doggerland, la tierra prehist\u00f3rica sumergida en el mar del Norte frente a la costa neerlandesa, cuando el nivel del mar era al menos 50 metros m\u00e1s bajo de lo que es ahora.<\/p>\n<p style=\"text-align: justify;\">Los Kennis son conocidos por varias reconstrucciones de humanos prehist\u00f3ricos, como \u00d6tzi, la momia del \u201cEl hombre de hielo\u201d o la figura de un ni\u00f1o de 11 a\u00f1os.<\/p>\n<p style=\"text-align: justify;\">Para las labores de reconstrucci\u00f3n, se utilizaron las caracter\u00edsticas examinadas del f\u00f3sil, coincidencias digitales con cr\u00e1neos neandertales para hacer comparaciones y los \u00faltimos conocimientos sobre los neandertales y sus apariencias, incluido el color de ojos, cabello y piel.<\/p>\n<p style=\"text-align: justify;\">La pinacoteca contar\u00e1 ahora la historia de casi un mill\u00f3n de a\u00f1os de ocupaci\u00f3n humana, paisaje y cambio clim\u00e1tico en la vasta y rica zona prehist\u00f3rica de la costa neerlandesa.<\/p>\n<p style=\"text-align: justify;\">\u201cKrijn y los SAO PAULO (AP) \u2014 Pel\u00e9 fue sometido a una operaci\u00f3n para removerle un aparente tumor en el costado derecho de su colon.<\/p>\n<p style=\"text-align: justify;\">El hospital Albert Einstein en Sao Paulo inform\u00f3 el lunes que la leyenda del f\u00fatbol, de 80 a\u00f1os, se encuentra en una unidad de cuidados intensivos y ser\u00e1 transferido a una habitaci\u00f3n el martes.<\/p>\n<p style=\"text-align: justify;\">La cirug\u00eda fue una \u201cgran victoria\u201d, asegur\u00f3 Pel\u00e9 en sus redes sociales el lunes.<\/p>\n<p style=\"text-align: justify;\">Pel\u00e9 acudi\u00f3 al hospital la semana pasada para una serie de ex\u00e1menes de rutina, detect\u00e1ndosele el tumor.<\/p>\n<p style=\"text-align: justify;\">\u201cDoy las gracias a Dios por sentirme muy bien y permitir al Dr. F\u00e1bio y al Dr. Miguel cuidar de mi salud\u201d, dijo Pel\u00e9. \u201cEl s\u00e1bado pasado fui operado para remover una sospechosa lesi\u00f3n en el colon derecho. El tumor fue identificado durante las pruebas que mencion\u00e9 la semana pasada\u201d.<\/p>\n<p style=\"text-align: justify;\">\u201cAfortunadamente, estoy acostumbrado a celebrar grandes victorias con ustedes. Voy a encarar este partido con una sonrisa en el rostro, mucho optimismo y alegr\u00eda por vivir rodeado del amor de mis familiares y amigos\u201d.<\/p>\n<p style=\"text-align: justify;\">Edson Arantes do Nascimento fue hospitalizado el martes pasado y recurri\u00f3 a sus redes para desmentir que estaba en mal estado de salud.<\/p>\n<p style=\"text-align: justify;\">\u201cGente, no me he desmayado y estoy con buena salud. Fui a mis ex\u00e1menes de rutina, los cuales no pude cumplir antes debido a la pandemia. Que se sepa que no voy a jugar el pr\u00f3ximo domingo\u201d, brome\u00f3 en un tuit.<\/p>\n<p style=\"text-align: justify;\">Pel\u00e9, el \u00fanico jugador en la historia que ha ganado tres Copas del Mundo, ha tenido dificultad para desplazarse tras una fallida operaci\u00f3n de reemplazo de cadera en 2012. Ha tenido que usar sillas de ruedas en p\u00fablico. Tambi\u00e9n ha sido ingresado en hospital por problemas renales y de la pr\u00f3stata.<\/p>\n<p style=\"text-align: justify;\">Pel\u00e9 sali\u00f3 campe\u00f3n en los mundiales de 1958, 1962 y 1970. Se mantiene como el goleador hist\u00f3rico de la selecci\u00f3n brasile\u00f1a con 77 tantos.<\/p>\n","protected":false},"excerpt":{"rendered":"<p>SAO PAULO. * 6 de septiembre de 2021. ) AP. El Museo Nacional de Antig\u00fcedades de Pa\u00edses Bajos present\u00f3 este lunes una reconstrucci\u00f3n facial del primer neandertal neerland\u00e9s, Krijn, un joven que vivi\u00f3 hace entre 50.000 y 70.000 a\u00f1os y cuyo fragmento de cr\u00e1neo fue localizado hace dos d\u00e9cadas. El f\u00f3sil del neandertal, que se&#8230;<\/p>\n","protected":false},"author":2,"featured_media":1231965,"comment_status":"closed","ping_status":"closed","sticky":false,"template":"","format":"standard","meta":{"footnotes":""},"categories":[1972,1988,18566],"tags":[14450],"class_list":["post-1231964","post","type-post","status-publish","format-standard","has-post-thumbnail","hentry","category-special","category-lifestyles","category-sports-lifestyles","tag-pele"],"_links":{"self":[{"href":"https:\/\/www.acapulcopress.com\/index.php\/wp-json\/wp\/v2\/posts\/1231964","targetHints":{"allow":["GET"]}}],"collection":[{"href":"https:\/\/www.acapulcopress.com\/index.php\/wp-json\/wp\/v2\/posts"}],"about":[{"href":"https:\/\/www.acapulcopress.com\/index.php\/wp-json\/wp\/v2\/types\/post"}],"author":[{"embeddable":true,"href":"https:\/\/www.acapulcopress.com\/index.php\/wp-json\/wp\/v2\/users\/2"}],"replies":[{"embeddable":true,"href":"https:\/\/www.acapulcopress.com\/index.php\/wp-json\/wp\/v2\/comments?post=1231964"}],"version-history":[{"count":0,"href":"https:\/\/www.acapulcopress.com\/index.php\/wp-json\/wp\/v2\/posts\/1231964\/revisions"}],"wp:featuredmedia":[{"embeddable":true,"href":"https:\/\/www.acapulcopress.com\/index.php\/wp-json\/"}],"wp:attachment":[{"href":"https:\/\/www.acapulcopress.com\/index.php\/wp-json\/wp\/v2\/media?parent=1231964"}],"wp:term":[{"taxonomy":"category","embeddable":true,"href":"https:\/\/www.acapulcopress.com\/index.php\/wp-json\/wp\/v2\/categories?post=1231964"},{"taxonomy":"post_tag","embeddable":true,"href":"https:\/\/www.acapulcopress.com\/index.php\/wp-json\/wp\/v2\/tags?post=1231964"}],"curies":[{"name":"wp","href":"https:\/\/api.w.org\/{rel}","templated":true}]}}