{"id":1231985,"date":"2021-09-06T21:14:39","date_gmt":"2021-09-07T02:14:39","guid":{"rendered":"https:\/\/www.acapulco.press\/?p=1231985"},"modified":"2021-09-06T21:14:39","modified_gmt":"2021-09-07T02:14:39","slug":"mexico-esta-preparado-para-ser-gobernado-por-una-mujer-sheinbaum","status":"publish","type":"post","link":"https:\/\/www.acapulcopress.com\/index.php\/2021\/09\/06\/mexico-esta-preparado-para-ser-gobernado-por-una-mujer-sheinbaum\/","title":{"rendered":"M\u00e9xico est\u00e1 preparado para ser gobernado por una mujer | Sheinbaum"},"content":{"rendered":"<p style=\"text-align: justify;\">\u00bb <strong>Sara Pantoja.<\/strong><br \/>\nCIUDAD DE M\u00c9XICO. * 6 de septiembre de 2021.<br \/>\n<em>) <a href=\"https:\/\/www.proceso.com.mx\/nacional\/2021\/9\/6\/mexico-esta-preparado-para-ser-gobernado-por-una-mujer-sheinbaum-271378.html\" target=\"_blank\" rel=\"noopener\">Apro<\/a>.<\/em><\/p>\n<p style=\"text-align: justify;\">M\u00e9xico \u201cya est\u00e1 preparado\u201d para que lo gobierne una mujer, asegur\u00f3 la jefa de gobierno, Claudia Sheinbaum, aunque reiter\u00f3 que, por el momento, ella se dedica a gobernar la Ciudad de M\u00e9xico.<\/p>\n<p style=\"text-align: justify;\">Y adelant\u00f3 que la capital mexicana cierre el 2021 con un crecimiento econ\u00f3mico de 6%, en respuesta a la reactivaci\u00f3n econ\u00f3mica que se impulsa con la iniciativa privada, para recuperarse de los efectos negativos provocados por la pandemia de covid-19.<\/p>\n<p style=\"text-align: justify;\">La ma\u00f1ana de este lunes, al participar en el Foro \u201cForbes Econom\u00eda y Negocios 2021. El nuevo escenario econ\u00f3mico\u201d, Sheinbaum Pardo fue cuestionada por el entrevistador si \u201c\u00bfM\u00e9xico ya est\u00e1 preparado para que lo gobierne una mujer?\u201d.<\/p>\n<p style=\"text-align: justify;\">\u00abEse es otro tema. Ahorita nos dedicamos a la ciudad\u2026 (pero) de que est\u00e1 preparado, est\u00e1 preparado. Pero todo lo dem\u00e1s, ahora, en este momento, pues es la ciudad, la ciudad, la ciudad\u201d, respondi\u00f3.<\/p>\n<p style=\"text-align: justify;\">Al t\u00e9rmino del acto, la prensa cuestion\u00f3 a la mandataria local sobre las expectativas de crecimiento para la CDMX a finales del 2021.<\/p>\n<p style=\"text-align: justify;\">\u201cSi pensamos que la Ciudad de M\u00e9xico representa alrededor del 17% del Producto Interno Bruto y se hace una estimaci\u00f3n de que el pa\u00eds va a crecer al 6%, pues estar\u00edamos \u2013m\u00e1s o menos\u2013 en una situaci\u00f3n similar\u201d, dijo.<\/p>\n<p style=\"text-align: justify;\">La morenista agreg\u00f3: \u201cLos \u00faltimos dos meses, somos la entidad que m\u00e1s ha crecido en empleos, tambi\u00e9n hay que reconocer que \u00e9ramos la que m\u00e1s hab\u00eda ca\u00eddo. Entonces, esta recuperaci\u00f3n permanente en empleos, tanto en comercio como en construcci\u00f3n como en otras \u00e1reas, pues nos da mucho aliento\u201d.<\/p>\n<p style=\"text-align: justify;\">Sheinbaum confi\u00f3 en que la reapertura total de las actividades econ\u00f3micas a partir de este lunes, cuando la CDMX ya pas\u00f3 al Sem\u00e1foro Epidemiol\u00f3gico Amarillo por covid-19, ayudar\u00e1 a la recuperaci\u00f3n de los miles de empleos que hab\u00eda en 2019, antes de la emergencia sanitaria.<\/p>\n<p style=\"text-align: justify;\">Y reiter\u00f3 su confianza en que, tanto el sector privado como la ciudadan\u00eda, respeten los protocolos sanitarios para protegerse y prevenir m\u00e1s contagios del virus y seguir adelante con la \u201cnueva normalidad\u201d.<\/p>\n","protected":false},"excerpt":{"rendered":"<p>\u00bb Sara Pantoja. CIUDAD DE M\u00c9XICO. * 6 de septiembre de 2021. ) Apro. M\u00e9xico \u201cya est\u00e1 preparado\u201d para que lo gobierne una mujer, asegur\u00f3 la jefa de gobierno, Claudia Sheinbaum, aunque reiter\u00f3 que, por el momento, ella se dedica a gobernar la Ciudad de M\u00e9xico. Y adelant\u00f3 que la capital mexicana cierre el 2021&#8230;<\/p>\n","protected":false},"author":2,"featured_media":1231986,"comment_status":"closed","ping_status":"closed","sticky":false,"template":"","format":"standard","meta":{"footnotes":""},"categories":[18561,2009],"tags":[5851],"class_list":["post-1231985","post","type-post","status-publish","format-standard","has-post-thumbnail","hentry","category-society-politics","category-politics","tag-claudia-sheinbaum"],"_links":{"self":[{"href":"https:\/\/www.acapulcopress.com\/index.php\/wp-json\/wp\/v2\/posts\/1231985","targetHints":{"allow":["GET"]}}],"collection":[{"href":"https:\/\/www.acapulcopress.com\/index.php\/wp-json\/wp\/v2\/posts"}],"about":[{"href":"https:\/\/www.acapulcopress.com\/index.php\/wp-json\/wp\/v2\/types\/post"}],"author":[{"embeddable":true,"href":"https:\/\/www.acapulcopress.com\/index.php\/wp-json\/wp\/v2\/users\/2"}],"replies":[{"embeddable":true,"href":"https:\/\/www.acapulcopress.com\/index.php\/wp-json\/wp\/v2\/comments?post=1231985"}],"version-history":[{"count":0,"href":"https:\/\/www.acapulcopress.com\/index.php\/wp-json\/wp\/v2\/posts\/1231985\/revisions"}],"wp:featuredmedia":[{"embeddable":true,"href":"https:\/\/www.acapulcopress.com\/index.php\/wp-json\/"}],"wp:attachment":[{"href":"https:\/\/www.acapulcopress.com\/index.php\/wp-json\/wp\/v2\/media?parent=1231985"}],"wp:term":[{"taxonomy":"category","embeddable":true,"href":"https:\/\/www.acapulcopress.com\/index.php\/wp-json\/wp\/v2\/categories?post=1231985"},{"taxonomy":"post_tag","embeddable":true,"href":"https:\/\/www.acapulcopress.com\/index.php\/wp-json\/wp\/v2\/tags?post=1231985"}],"curies":[{"name":"wp","href":"https:\/\/api.w.org\/{rel}","templated":true}]}}