{"id":1232014,"date":"2021-09-07T17:45:03","date_gmt":"2021-09-07T22:45:03","guid":{"rendered":"https:\/\/www.acapulco.press\/?p=1232014"},"modified":"2021-09-07T17:45:03","modified_gmt":"2021-09-07T22:45:03","slug":"discutir-y-debatir-en-el-terreno-del-respeto-y-las-ideas-pide-jacko-badillo-en-el-congreso","status":"publish","type":"post","link":"https:\/\/www.acapulcopress.com\/index.php\/2021\/09\/07\/discutir-y-debatir-en-el-terreno-del-respeto-y-las-ideas-pide-jacko-badillo-en-el-congreso\/","title":{"rendered":"Discutir y debatir en el terreno del respeto y las ideas, pide Jacko Badillo en el Congreso"},"content":{"rendered":"<p style=\"text-align: justify;\">CHILPANCINGO. * 7 de septiembre de 2021.<br \/>\n) Especial.<\/p>\n<p style=\"text-align: justify;\">El Congreso de Guerrero no va a avanzar con presiones ni distanciamientos, sino con altura de miras y discutiendo y debatiendo, s\u00ed, pero en el terreno de las ideas, el respeto y las propuestas, para darle una mejor calidad de vida a los guerrerenses, afirm\u00f3 el diputado local Joaqu\u00edn \u201cJacko\u201d Badillo Escamilla.<\/p>\n<p style=\"text-align: justify;\">Al intervenir en tribuna en la sesi\u00f3n ordinaria de la LXIII Legislatura de este martes, el representante del Distrito 9 de Acapulco convoc\u00f3 a sus compa\u00f1eros legisladores a no perder la oportunidad hist\u00f3rica que tienen de representar dignamente al pueblo de Guerrero, \u201cponderando a todas aquellas personas que creyeron en nosotros en el territorio, quienes sabemos que no tienen agua, calles pavimentadas, servicios y en general condiciones adecuadas para vivir\u201d.<\/p>\n<p style=\"text-align: justify;\">Jacko Badillo hizo un llamado \u201ccon mucha humildad y sencillez\u201d a no caer en \u201clas posibles negociaciones bajo la mesa que mucho han da\u00f1ado al estado de Guerrero; (como diputados) tenemos una condici\u00f3n privilegiada y por lo menos en lo que a mi respecta estoy dispuesto a transitar en unidad, en di\u00e1logo, en concordia y armon\u00eda\u201d.<\/p>\n<p style=\"text-align: justify;\">El legislador acapulque\u00f1o lament\u00f3 que en la sesi\u00f3n de este martes no se haya concretado la toma de protesta a la nueva Junta de Coordinaci\u00f3n Pol\u00edtica por el voto en contra de los partidos opositores a Morena en el Congreso (PRI, PRD, PAN y PVEM), siendo que ya estaban definidos los coordinadores de las fracciones parlamentarias y los representantes partidistas, y que de acuerdo a la Ley Org\u00e1nica del Congreso corresponde a Morena encabezar.<\/p>\n<p style=\"text-align: justify;\">Insisti\u00f3 en que debe ser el di\u00e1logo, la unidad y el consenso lo que distinga a la LXIII Legislatura, m\u00e1s all\u00e1 de colores partidistas o ideolog\u00edas, a la vez que hizo el llamado a unir esfuerzos \u201cde manera cordial con quien hoy sigue siendo el gobernador, H\u00e9ctor Astudillo Flores, hasta el \u00faltimo d\u00eda de su mandato, y con quien encabezar\u00e1 despu\u00e9s las riendas y los destinos de Guerrero desde el Poder Ejecutivo, que es nuestra compa\u00f1era y amiga Evelyn Salgado Pineda\u201d, concluy\u00f3.<\/p>\n","protected":false},"excerpt":{"rendered":"<p>CHILPANCINGO. * 7 de septiembre de 2021. ) Especial. El Congreso de Guerrero no va a avanzar con presiones ni distanciamientos, sino con altura de miras y discutiendo y debatiendo, s\u00ed, pero en el terreno de las ideas, el respeto y las propuestas, para darle una mejor calidad de vida a los guerrerenses, afirm\u00f3 el&#8230;<\/p>\n","protected":false},"author":2,"featured_media":1232015,"comment_status":"closed","ping_status":"closed","sticky":false,"template":"","format":"standard","meta":{"footnotes":""},"categories":[61,18561],"tags":[10797,12251],"class_list":["post-1232014","post","type-post","status-publish","format-standard","has-post-thumbnail","hentry","category-legislacion","category-society-politics","tag-joaquin-jacko-badillo-escamilla","tag-lxiii-legislatura-de-guerrero"],"_links":{"self":[{"href":"https:\/\/www.acapulcopress.com\/index.php\/wp-json\/wp\/v2\/posts\/1232014","targetHints":{"allow":["GET"]}}],"collection":[{"href":"https:\/\/www.acapulcopress.com\/index.php\/wp-json\/wp\/v2\/posts"}],"about":[{"href":"https:\/\/www.acapulcopress.com\/index.php\/wp-json\/wp\/v2\/types\/post"}],"author":[{"embeddable":true,"href":"https:\/\/www.acapulcopress.com\/index.php\/wp-json\/wp\/v2\/users\/2"}],"replies":[{"embeddable":true,"href":"https:\/\/www.acapulcopress.com\/index.php\/wp-json\/wp\/v2\/comments?post=1232014"}],"version-history":[{"count":0,"href":"https:\/\/www.acapulcopress.com\/index.php\/wp-json\/wp\/v2\/posts\/1232014\/revisions"}],"wp:featuredmedia":[{"embeddable":true,"href":"https:\/\/www.acapulcopress.com\/index.php\/wp-json\/"}],"wp:attachment":[{"href":"https:\/\/www.acapulcopress.com\/index.php\/wp-json\/wp\/v2\/media?parent=1232014"}],"wp:term":[{"taxonomy":"category","embeddable":true,"href":"https:\/\/www.acapulcopress.com\/index.php\/wp-json\/wp\/v2\/categories?post=1232014"},{"taxonomy":"post_tag","embeddable":true,"href":"https:\/\/www.acapulcopress.com\/index.php\/wp-json\/wp\/v2\/tags?post=1232014"}],"curies":[{"name":"wp","href":"https:\/\/api.w.org\/{rel}","templated":true}]}}