{"id":1232020,"date":"2021-09-08T19:11:09","date_gmt":"2021-09-09T00:11:09","guid":{"rendered":"https:\/\/www.acapulco.press\/?p=1232020"},"modified":"2021-09-08T19:11:09","modified_gmt":"2021-09-09T00:11:09","slug":"diputado-mendoza-pide-continuar-lucha-en-pro-de-pueblos-indigenas-y-afromexicanos","status":"publish","type":"post","link":"https:\/\/www.acapulcopress.com\/index.php\/2021\/09\/08\/diputado-mendoza-pide-continuar-lucha-en-pro-de-pueblos-indigenas-y-afromexicanos\/","title":{"rendered":"Diputado Mendoza pide continuar lucha en pro de pueblos ind\u00edgenas y afromexicanos"},"content":{"rendered":"<p style=\"text-align: justify;\">CHILPANCINGO. * 8 de septiembre de 2021.<br \/>\n) Congreso de Guerrero.<\/p>\n<p style=\"text-align: justify;\">El diputado Masedonio Mendoza Aburto manifest\u00f3 que a\u00fan hace falta mucho para saldar la deuda hist\u00f3rica con los pueblos ind\u00edgenas de M\u00e9xico y Guerrero, y que como representante de los mismos seguir\u00e1 dando la lucha para que se les reconozcan plenamente sus derechos.<\/p>\n<p style=\"text-align: justify;\">Al intervenir con el tema \u201c500 A\u00f1os de Resistencia Ind\u00edgena en M\u00e9xico\u201d, el legislador de Morena refiri\u00f3 que ha sido eterna la injusticia contra los pueblos ind\u00edgenas y afromexicano, quienes leg\u00edtimamente reclaman mejores oportunidades.<\/p>\n<p style=\"text-align: justify;\">El legislador record\u00f3 que el 25 de marzo de 2019 el presidente Andr\u00e9s Manuel L\u00f3pez Obrador solicit\u00f3 p\u00fablicamente, a trav\u00e9s de dos cartas al Rey Felipe VI de Espa\u00f1a y al Papa Francisco, que pidieran perd\u00f3n a los pueblos originarios por los abusos cometidos durante la conquista de M\u00e9xico.<\/p>\n<p style=\"text-align: justify;\">Lamentablemente, dijo, el gobierno espa\u00f1ol rechaz\u00f3 \u00abcon toda firmeza\u00bb la carta y en contraparte respondi\u00f3 que \u00abel gobierno de Espa\u00f1a reitera su disposici\u00f3n para trabajar conjuntamente con el gobierno de M\u00e9xico y continuar construyendo el marco apropiado para intensificar las relaciones de amistad y cooperaci\u00f3n existentes entre los dos pa\u00edses, que nos permita afrontar con una visi\u00f3n compartida los retos futuros\u00bb.<\/p>\n<p style=\"text-align: justify;\">Mendoza Basurto refiri\u00f3, adem\u00e1s, que el escritor Mario Vargas Llosa dijo que el presidente L\u00f3pez Obrador \u00abse equivoc\u00f3 de destinatario\u00bb, pues esa carta \u00abdebi\u00f3 de mand\u00e1rsela a \u00e9l mismo y responderse, o respondernos, a la pregunta de por qu\u00e9 M\u00e9xico, que hace cinco siglos se incorpor\u00f3 al mundo occidental gracias a Espa\u00f1a, y que desde hace 200 a\u00f1os es independiente y soberano, tiene todav\u00eda tantos millones de indios marginados, pobres, ignorantes y explotados\u00bb.<\/p>\n<p style=\"text-align: justify;\">El legislador reproch\u00f3 la incre\u00edble opini\u00f3n de un hombre que hace 30 a\u00f1os defini\u00f3 su concepci\u00f3n de la \u201cdictadura perfecta\u201d en M\u00e9xico, misma que ha detenido el proceso de avance y reconocimiento de los pueblos originarios del pa\u00eds, de manera particular en Guerrero.<\/p>\n<p style=\"text-align: justify;\">Por todo lo anterior, manifest\u00f3 que como representante de los pueblos originarios seguir\u00e1 haciendo memoria p\u00fablica de que a los pueblos originarios se les sigue debiendo muchas cosas, por lo cual seguir\u00e1n dando la lucha desde distintos \u00e1mbitos, entre ellos la pol\u00edtica.<\/p>\n","protected":false},"excerpt":{"rendered":"<p>CHILPANCINGO. * 8 de septiembre de 2021. ) Congreso de Guerrero. El diputado Masedonio Mendoza Aburto manifest\u00f3 que a\u00fan hace falta mucho para saldar la deuda hist\u00f3rica con los pueblos ind\u00edgenas de M\u00e9xico y Guerrero, y que como representante de los mismos seguir\u00e1 dando la lucha para que se les reconozcan plenamente sus derechos. Al&#8230;<\/p>\n","protected":false},"author":2,"featured_media":1232021,"comment_status":"closed","ping_status":"closed","sticky":false,"template":"","format":"standard","meta":{"footnotes":""},"categories":[61,18561],"tags":[3022,6370,12251,12786,15141],"class_list":["post-1232020","post","type-post","status-publish","format-standard","has-post-thumbnail","hentry","category-legislacion","category-society-politics","tag-500-anos-de-resistencia-indigena-en-mexico","tag-congreso-de-guerrero","tag-lxiii-legislatura-de-guerrero","tag-masedonio-mendoza-aburto","tag-pueblos-indigenas-y-afromexicanos"],"_links":{"self":[{"href":"https:\/\/www.acapulcopress.com\/index.php\/wp-json\/wp\/v2\/posts\/1232020","targetHints":{"allow":["GET"]}}],"collection":[{"href":"https:\/\/www.acapulcopress.com\/index.php\/wp-json\/wp\/v2\/posts"}],"about":[{"href":"https:\/\/www.acapulcopress.com\/index.php\/wp-json\/wp\/v2\/types\/post"}],"author":[{"embeddable":true,"href":"https:\/\/www.acapulcopress.com\/index.php\/wp-json\/wp\/v2\/users\/2"}],"replies":[{"embeddable":true,"href":"https:\/\/www.acapulcopress.com\/index.php\/wp-json\/wp\/v2\/comments?post=1232020"}],"version-history":[{"count":0,"href":"https:\/\/www.acapulcopress.com\/index.php\/wp-json\/wp\/v2\/posts\/1232020\/revisions"}],"wp:featuredmedia":[{"embeddable":true,"href":"https:\/\/www.acapulcopress.com\/index.php\/wp-json\/"}],"wp:attachment":[{"href":"https:\/\/www.acapulcopress.com\/index.php\/wp-json\/wp\/v2\/media?parent=1232020"}],"wp:term":[{"taxonomy":"category","embeddable":true,"href":"https:\/\/www.acapulcopress.com\/index.php\/wp-json\/wp\/v2\/categories?post=1232020"},{"taxonomy":"post_tag","embeddable":true,"href":"https:\/\/www.acapulcopress.com\/index.php\/wp-json\/wp\/v2\/tags?post=1232020"}],"curies":[{"name":"wp","href":"https:\/\/api.w.org\/{rel}","templated":true}]}}