{"id":1232050,"date":"2021-09-08T20:21:41","date_gmt":"2021-09-09T01:21:41","guid":{"rendered":"https:\/\/www.acapulco.press\/?p=1232050"},"modified":"2021-09-08T20:21:41","modified_gmt":"2021-09-09T01:21:41","slug":"arrestan-y-colocan-dispositivo-de-rastreo-al-exboxeador-juan-manuel-lopez","status":"publish","type":"post","link":"https:\/\/www.acapulcopress.com\/index.php\/2021\/09\/08\/arrestan-y-colocan-dispositivo-de-rastreo-al-exboxeador-juan-manuel-lopez\/","title":{"rendered":"Arrestan y colocan dispositivo de rastreo al exboxeador Juan Manuel L\u00f3pez"},"content":{"rendered":"<p style=\"text-align: justify;\">SAN JUAN, Puerto Rico. * 8 de septiembre de 2021.<br \/>\n<em>) <a href=\"https:\/\/apnews.com\/article\/deportes-6fe9ca2f37ad1383b779033e12d36280\" target=\"_blank\" rel=\"noopener\">AP<\/a>.<\/em><\/p>\n<p style=\"text-align: justify;\">El exboxeador Juan Manuel L\u00f3pez fue acusado el mi\u00e9rcoles de violencia dom\u00e9stica y se le liber\u00f3 tras depositar una fianza de 175.000 d\u00f3lares adem\u00e1s de aceptar el uso de un dispositivo electr\u00f3nico de rastreo.<\/p>\n<figure id=\"attachment_1232051\" aria-describedby=\"caption-attachment-1232051\" style=\"width: 375px\" class=\"wp-caption alignleft\"><img loading=\"lazy\" decoding=\"async\" class=\"wp-image-1232051 size-medium\" src=\"https:\/\/www.acapulco.press\/wp-content\/uploads\/2021\/09\/Andrea-Ojeda-375x312.png\" alt=\"\" width=\"375\" height=\"312\" \/><figcaption id=\"caption-attachment-1232051\" class=\"wp-caption-text\"><strong>Andrea Ojeda.<\/strong><\/figcaption><\/figure>\n<p style=\"text-align: justify;\">Los cargos, incluidos siete de agresi\u00f3n agravada, abuso f\u00edsico y psicol\u00f3gico, se derivan de cuatro incidentes distintos en los que la v\u00edctima habr\u00eda sido su expareja, dijeron las autoridades.<\/p>\n<p style=\"text-align: justify;\">El exp\u00fagil boricua se entreg\u00f3 el martes luego que su exnovia Andrea Ojeda lo acus\u00f3 de violencia mediante una publicaci\u00f3n en Instagram. En esa red social, la mujer public\u00f3 fotograf\u00edas en las que aparece con un ojo morado y otras lesiones en el rostro.<\/p>\n<p style=\"text-align: justify;\">Jaime Barcel\u00f3, el abogado defensor, no habl\u00f3 directamente de los cargos. Se limit\u00f3 a decir ante la prensa que hay una presunci\u00f3n de inocencia, y que las denuncias siguen siendo s\u00f3lo alegatos, hasta que no se demuestre lo contrario.<\/p>\n<p style=\"text-align: justify;\">El excampe\u00f3n pluma de la Organizaci\u00f3n Mundial de Boxeo fue acusado previamente de violencia dom\u00e9stica en 2015, luego que las autoridades indicaron que hab\u00eda golpeado a otra exnovia en la cara.<\/p>\n","protected":false},"excerpt":{"rendered":"<p>SAN JUAN, Puerto Rico. * 8 de septiembre de 2021. ) AP. El exboxeador Juan Manuel L\u00f3pez fue acusado el mi\u00e9rcoles de violencia dom\u00e9stica y se le liber\u00f3 tras depositar una fianza de 175.000 d\u00f3lares adem\u00e1s de aceptar el uso de un dispositivo electr\u00f3nico de rastreo. Los cargos, incluidos siete de agresi\u00f3n agravada, abuso f\u00edsico&#8230;<\/p>\n","protected":false},"author":2,"featured_media":1232052,"comment_status":"closed","ping_status":"closed","sticky":false,"template":"","format":"standard","meta":{"footnotes":""},"categories":[1972],"tags":[3876,11207,17934],"class_list":["post-1232050","post","type-post","status-publish","format-standard","has-post-thumbnail","hentry","category-special","tag-andrea-ojeda-cruz","tag-juan-manuel-lopez-f","tag-violencia-domestica"],"_links":{"self":[{"href":"https:\/\/www.acapulcopress.com\/index.php\/wp-json\/wp\/v2\/posts\/1232050","targetHints":{"allow":["GET"]}}],"collection":[{"href":"https:\/\/www.acapulcopress.com\/index.php\/wp-json\/wp\/v2\/posts"}],"about":[{"href":"https:\/\/www.acapulcopress.com\/index.php\/wp-json\/wp\/v2\/types\/post"}],"author":[{"embeddable":true,"href":"https:\/\/www.acapulcopress.com\/index.php\/wp-json\/wp\/v2\/users\/2"}],"replies":[{"embeddable":true,"href":"https:\/\/www.acapulcopress.com\/index.php\/wp-json\/wp\/v2\/comments?post=1232050"}],"version-history":[{"count":0,"href":"https:\/\/www.acapulcopress.com\/index.php\/wp-json\/wp\/v2\/posts\/1232050\/revisions"}],"wp:featuredmedia":[{"embeddable":true,"href":"https:\/\/www.acapulcopress.com\/index.php\/wp-json\/"}],"wp:attachment":[{"href":"https:\/\/www.acapulcopress.com\/index.php\/wp-json\/wp\/v2\/media?parent=1232050"}],"wp:term":[{"taxonomy":"category","embeddable":true,"href":"https:\/\/www.acapulcopress.com\/index.php\/wp-json\/wp\/v2\/categories?post=1232050"},{"taxonomy":"post_tag","embeddable":true,"href":"https:\/\/www.acapulcopress.com\/index.php\/wp-json\/wp\/v2\/tags?post=1232050"}],"curies":[{"name":"wp","href":"https:\/\/api.w.org\/{rel}","templated":true}]}}