{"id":1232094,"date":"2021-09-09T20:23:07","date_gmt":"2021-09-10T01:23:07","guid":{"rendered":"https:\/\/www.acapulco.press\/?p=1232094"},"modified":"2021-09-09T20:23:07","modified_gmt":"2021-09-10T01:23:07","slug":"lamenta-pan-dejar-sin-castigo-el-aborto","status":"publish","type":"post","link":"https:\/\/www.acapulcopress.com\/index.php\/2021\/09\/09\/lamenta-pan-dejar-sin-castigo-el-aborto\/","title":{"rendered":"Lamenta PAN dejar sin castigo el aborto"},"content":{"rendered":"<p style=\"text-align: justify;\">* El hecho de no criminalizar a las mujeres que abortan no significa que no se cometa un acto reprobable que atenta contra la dignidad humana.<\/p>\n<p style=\"text-align: justify;\">CIUDAD DE M\u00c9XICO. * 9 de septiembre de 2021.<br \/>\n<em>) PAN.<\/em><br \/>\nAnte las recientes resoluciones de la Suprema Corte de Justicia de la Naci\u00f3n (SCJN), el Partido Acci\u00f3n Nacional (PAN) emiti\u00f3 un manifiesto donde considera que la mujer embarazada merece la mayor protecci\u00f3n y defensa. Especialmente las mujeres que padecen violencia, las madres solteras, las mujeres abandonadas, o las que viven un embarazo no deseado: todas ellas requieren<\/p>\n<figure id=\"attachment_1232096\" aria-describedby=\"caption-attachment-1232096\" style=\"width: 375px\" class=\"wp-caption alignleft\"><img loading=\"lazy\" decoding=\"async\" class=\"size-medium wp-image-1232096\" src=\"https:\/\/www.acapulco.press\/wp-content\/uploads\/2021\/09\/SCJN-ABORTO-375x212.jpg\" alt=\"\" width=\"375\" height=\"212\" \/><figcaption id=\"caption-attachment-1232096\" class=\"wp-caption-text\">CIUDAD DE M\u00c9XICO, 02AGOSTO2021.- La Suprema Corte de Justicia de la Naci\u00f3n (SCJN) inici\u00f3 el segundo periodo de sesiones del a\u00f1o, entre los temas que se discutir\u00e1n, est\u00e1n la reforma al poder judicial en la que se incluye la extensi\u00f3n de la gesti\u00f3n del ministro presidente, Arturo Zald\u00edvar.<br \/>FOTO: SCJN\/CUARTOSCURO.COM<\/figcaption><\/figure>\n<p style=\"text-align: justify;\">el acompa\u00f1amiento y el apoyo por parte del Estado mexicano.<\/p>\n<p style=\"text-align: justify;\">Ese acompa\u00f1amiento debe extenderse a aquellas mujeres que hayan decidido deshacerse del hijo en gestaci\u00f3n a trav\u00e9s de un aborto. La criminalizaci\u00f3n para ellas no es la soluci\u00f3n.<\/p>\n<p style=\"text-align: justify;\">Sin embargo, el hecho de no criminalizar a las mujeres que abortan no significa que no se cometa un acto reprobable que atenta contra la dignidad humana. Lo decimos con toda claridad: la descriminalizaci\u00f3n consiste en no meter a la c\u00e1rcel a la mujer que ha abortado, pero de ninguna manera debe convertir el aborto en un derecho.<\/p>\n<p style=\"text-align: justify;\">Lamentamos profundamente que en las discusiones que tuvieron los Ministros de la Corte no se diera ninguna importancia a la vida del ser humano por nacer, que es constitucionalmente sujeto de derechos y que por lo tanto debe gozar tambi\u00e9n de la tutela del Estado. Su vulnerabilidad lo hace merecedor del amparo y la protecci\u00f3n de las leyes.<\/p>\n<p style=\"text-align: justify;\">En el PAN continuaremos revisando todas las posibilidades para salvaguardar el valor de la vida de todas las personas: de las mujeres y de los ni\u00f1os, de los hombres y de los no nacidos, de los enfermos y vulnerables, de los ancianos y las personas con alguna discapacidad, a fin de construir una sociedad m\u00e1s humana, fraterna y donde se respeten los derechos de todos, empezando por el primero y sin el cual todos los dem\u00e1s no se pueden ejercer: el derecho a la vida desde el momento de la concepci\u00f3n y hasta la muerte natural.<\/p>\n","protected":false},"excerpt":{"rendered":"<p>* El hecho de no criminalizar a las mujeres que abortan no significa que no se cometa un acto reprobable que atenta contra la dignidad humana. CIUDAD DE M\u00c9XICO. * 9 de septiembre de 2021. ) PAN. Ante las recientes resoluciones de la Suprema Corte de Justicia de la Naci\u00f3n (SCJN), el Partido Acci\u00f3n Nacional&#8230;<\/p>\n","protected":false},"author":2,"featured_media":1232095,"comment_status":"closed","ping_status":"closed","sticky":false,"template":"","format":"standard","meta":{"footnotes":""},"categories":[1972,1997],"tags":[3099,14269,16935],"class_list":["post-1232094","post","type-post","status-publish","format-standard","has-post-thumbnail","hentry","category-special","category-noticias-destacadas","tag-aborto","tag-partido-accion-nacional-pan","tag-suprema-corte-de-justicia-de-la-nacion-scjn"],"_links":{"self":[{"href":"https:\/\/www.acapulcopress.com\/index.php\/wp-json\/wp\/v2\/posts\/1232094","targetHints":{"allow":["GET"]}}],"collection":[{"href":"https:\/\/www.acapulcopress.com\/index.php\/wp-json\/wp\/v2\/posts"}],"about":[{"href":"https:\/\/www.acapulcopress.com\/index.php\/wp-json\/wp\/v2\/types\/post"}],"author":[{"embeddable":true,"href":"https:\/\/www.acapulcopress.com\/index.php\/wp-json\/wp\/v2\/users\/2"}],"replies":[{"embeddable":true,"href":"https:\/\/www.acapulcopress.com\/index.php\/wp-json\/wp\/v2\/comments?post=1232094"}],"version-history":[{"count":0,"href":"https:\/\/www.acapulcopress.com\/index.php\/wp-json\/wp\/v2\/posts\/1232094\/revisions"}],"wp:featuredmedia":[{"embeddable":true,"href":"https:\/\/www.acapulcopress.com\/index.php\/wp-json\/"}],"wp:attachment":[{"href":"https:\/\/www.acapulcopress.com\/index.php\/wp-json\/wp\/v2\/media?parent=1232094"}],"wp:term":[{"taxonomy":"category","embeddable":true,"href":"https:\/\/www.acapulcopress.com\/index.php\/wp-json\/wp\/v2\/categories?post=1232094"},{"taxonomy":"post_tag","embeddable":true,"href":"https:\/\/www.acapulcopress.com\/index.php\/wp-json\/wp\/v2\/tags?post=1232094"}],"curies":[{"name":"wp","href":"https:\/\/api.w.org\/{rel}","templated":true}]}}