{"id":1232129,"date":"2021-09-10T16:17:01","date_gmt":"2021-09-10T21:17:01","guid":{"rendered":"https:\/\/www.acapulco.press\/?p=1232129"},"modified":"2021-09-10T16:17:01","modified_gmt":"2021-09-10T21:17:01","slug":"dan-prision-preventiva-a-cuatro-asesinos-de-tlapa-entre-ellos-el-comisario-de-tlaquiltzinapa","status":"publish","type":"post","link":"https:\/\/www.acapulcopress.com\/index.php\/2021\/09\/10\/dan-prision-preventiva-a-cuatro-asesinos-de-tlapa-entre-ellos-el-comisario-de-tlaquiltzinapa\/","title":{"rendered":"Dan prisi\u00f3n preventiva a cuatro asesinos de Tlapa, entre ellos el comisario de Tlaquiltzinapa"},"content":{"rendered":"<p style=\"text-align: justify;\">CHILPANCINGO. * 10 de septiembre de 2021.<br \/>\n<em>) <a href=\"https:\/\/fiscaliaguerrero.gob.mx\" target=\"_blank\" rel=\"noopener\">https:\/\/fiscaliaguerrero.gob.mx<\/a>.<br \/>\n<\/em>El Ministerio P\u00fablico en la ciudad de Tlapa de Comonfort obtuvo prisi\u00f3n preventiva en contra de El\u00edas \u00abN\u00bb, Salvador \u00abN\u00bb, Conrrado \u00abN\u00bb y Valentino \u00abN\u00bb, este \u00faltimo comisario municipal de Tlaquiltzinapa, como probables responsables del delito de homicidio por arma de fuego en agravio de dos personas del sexo masculino.<\/p>\n<p style=\"text-align: justify;\">Los imputados permanecer\u00e1n en prisi\u00f3n preventiva por hechos ocurridos el pasado 19 de agosto de 2021, en el poblado Tlaquiltzinapa cuando al circular a bordo de un veh\u00edculo tipo Tsuru interceptaron a las v\u00edctimas en su unidad motriz para descender y accionar las armas de fuego en su contra.<\/p>\n<p style=\"text-align: justify;\">Los probables responsables, entre ellos Valentino \u00abN\u00bb, comisario municipal del poblado as\u00ed como las v\u00edctimas, hab\u00edan sostenido una reuni\u00f3n relacionado con terrenos en el lugar.<\/p>\n<p style=\"text-align: justify;\">Quedan internos bajo la medida cautelar de prisi\u00f3n preventiva en el Centro de Reinserci\u00f3n Social de Tlapa de Comonfort, en espera de la continuaci\u00f3n de la audiencia inicial.<\/p>\n","protected":false},"excerpt":{"rendered":"<p>CHILPANCINGO. * 10 de septiembre de 2021. ) https:\/\/fiscaliaguerrero.gob.mx. El Ministerio P\u00fablico en la ciudad de Tlapa de Comonfort obtuvo prisi\u00f3n preventiva en contra de El\u00edas \u00abN\u00bb, Salvador \u00abN\u00bb, Conrrado \u00abN\u00bb y Valentino \u00abN\u00bb, este \u00faltimo comisario municipal de Tlaquiltzinapa, como probables responsables del delito de homicidio por arma de fuego en agravio de dos&#8230;<\/p>\n","protected":false},"author":2,"featured_media":1232131,"comment_status":"closed","ping_status":"closed","sticky":false,"template":"","format":"standard","meta":{"footnotes":""},"categories":[1969,2005],"tags":[8703,10946,14737,17241],"class_list":["post-1232129","post","type-post","status-publish","format-standard","has-post-thumbnail","hentry","category-trending","category-seguridad-y-justicia","tag-fiscalia-general-del-estado-de-guerrero-fge","tag-jorge-zuriel-de-los-santos-barrila","tag-policia-ministerial-de-guerrero","tag-tlaquiltzinapa"],"_links":{"self":[{"href":"https:\/\/www.acapulcopress.com\/index.php\/wp-json\/wp\/v2\/posts\/1232129","targetHints":{"allow":["GET"]}}],"collection":[{"href":"https:\/\/www.acapulcopress.com\/index.php\/wp-json\/wp\/v2\/posts"}],"about":[{"href":"https:\/\/www.acapulcopress.com\/index.php\/wp-json\/wp\/v2\/types\/post"}],"author":[{"embeddable":true,"href":"https:\/\/www.acapulcopress.com\/index.php\/wp-json\/wp\/v2\/users\/2"}],"replies":[{"embeddable":true,"href":"https:\/\/www.acapulcopress.com\/index.php\/wp-json\/wp\/v2\/comments?post=1232129"}],"version-history":[{"count":0,"href":"https:\/\/www.acapulcopress.com\/index.php\/wp-json\/wp\/v2\/posts\/1232129\/revisions"}],"wp:featuredmedia":[{"embeddable":true,"href":"https:\/\/www.acapulcopress.com\/index.php\/wp-json\/"}],"wp:attachment":[{"href":"https:\/\/www.acapulcopress.com\/index.php\/wp-json\/wp\/v2\/media?parent=1232129"}],"wp:term":[{"taxonomy":"category","embeddable":true,"href":"https:\/\/www.acapulcopress.com\/index.php\/wp-json\/wp\/v2\/categories?post=1232129"},{"taxonomy":"post_tag","embeddable":true,"href":"https:\/\/www.acapulcopress.com\/index.php\/wp-json\/wp\/v2\/tags?post=1232129"}],"curies":[{"name":"wp","href":"https:\/\/api.w.org\/{rel}","templated":true}]}}