{"id":1232137,"date":"2021-09-10T16:43:45","date_gmt":"2021-09-10T21:43:45","guid":{"rendered":"https:\/\/www.acapulco.press\/?p=1232137"},"modified":"2021-09-10T16:43:45","modified_gmt":"2021-09-10T21:43:45","slug":"recorre-gaby-bernal-zonas-afectadas-por-sismo-y-pide-al-gobierno-federal-apoyo-para-damnificados","status":"publish","type":"post","link":"https:\/\/www.acapulcopress.com\/index.php\/2021\/09\/10\/recorre-gaby-bernal-zonas-afectadas-por-sismo-y-pide-al-gobierno-federal-apoyo-para-damnificados\/","title":{"rendered":"Recorre Gaby Bernal zonas afectadas por sismo y pide al gobierno federal apoyo para damnificados"},"content":{"rendered":"<p style=\"text-align: justify;\">ACAPULCO. * 10 de septiembre de 2021.<br \/>\n) Especial.<br \/>\n<img loading=\"lazy\" decoding=\"async\" class=\"alignleft size-medium wp-image-1232138\" src=\"https:\/\/www.acapulco.press\/wp-content\/uploads\/2021\/09\/GABY-BERNAL-375x250.jpeg\" alt=\"\" width=\"375\" height=\"250\" \/>La diputada local por el PRI, Gabriela Bernal Res\u00e9ndiz, realiz\u00f3 un recorrido por las zonas afectadas por el sismo del pasado martes y se solidariz\u00f3 con los damnificados gestion\u00e1ndoles ante la Secretar\u00eda de Protecci\u00f3n Civil del Estado el apoyo de personal calificado para la evaluaci\u00f3n de da\u00f1os y la asesor\u00eda para dar el debido seguimiento a cada uno de los casos.<\/p>\n<p style=\"text-align: justify;\">Acompa\u00f1ada por los habitantes de las viviendas que resultaron afectadas por los temblores y r\u00e9plicas que han impactados las casas y negocios de las y los acapulque\u00f1os en los \u00faltimos d\u00edas, Gaby Bernal les demostr\u00f3 su apoyo y acompa\u00f1amiento y les asegur\u00f3 que ayudar\u00e1 a toda la poblaci\u00f3n en general y sin <img loading=\"lazy\" decoding=\"async\" class=\"alignleft size-medium wp-image-1232141\" src=\"https:\/\/www.acapulco.press\/wp-content\/uploads\/2021\/09\/GABY-BERNAL4-375x250.jpeg\" alt=\"\" width=\"375\" height=\"250\" \/>distinciones, ya que \u00abes tiempo de solidarizarse con todos y todas y sin colores de partidos, porque yo represento a todos los guerrerenses, no a unos cuantos o solamente a los de mis partido\u00bb puntualiz\u00f3 la diputada.<\/p>\n<p style=\"text-align: justify;\">La legisladora priista tambien hizo el llamado al Gobierno Federal a no dejar solos a las y los guerrerenses.<\/p>\n<p style=\"text-align: justify;\">Agradecidos por el gesto de preocupaci\u00f3n y por el acercamiento que la legisladora priista, habitantes de diversas colonias del puerto, entre ellos las y los vecinos de la unidad habitacional Cantaluna, reconocieron a Gaby Bernal su respaldo y le solicitaron <img loading=\"lazy\" decoding=\"async\" class=\"alignleft size-medium wp-image-1232143\" src=\"https:\/\/www.acapulco.press\/wp-content\/uploads\/2021\/09\/GABY-BERNAL6-375x250.jpeg\" alt=\"\" width=\"375\" height=\"250\" \/>no soltarlos de la mano, ya que la empresa que les vendi\u00f3 sus viviendas no les han dado ninguna respuesta, ni atendido a pesar del peligro que hoy viven en sus patrimonios.<\/p>\n<p style=\"text-align: justify;\">Durante los recorridos Bernal Res\u00e9ndiz pudo conocer los cientos de casos de familias que hoy por temor duermen en la calle o fuera de sus casas y se comprometi\u00f3 a buscar los medios para encontrar pronta soluci\u00f3n a la desgracia que hoy afecta a todos y todas.<\/p>\n","protected":false},"excerpt":{"rendered":"<p>ACAPULCO. * 10 de septiembre de 2021. ) Especial. La diputada local por el PRI, Gabriela Bernal Res\u00e9ndiz, realiz\u00f3 un recorrido por las zonas afectadas por el sismo del pasado martes y se solidariz\u00f3 con los damnificados gestion\u00e1ndoles ante la Secretar\u00eda de Protecci\u00f3n Civil del Estado el apoyo de personal calificado para la evaluaci\u00f3n de&#8230;<\/p>\n","protected":false},"author":2,"featured_media":1232139,"comment_status":"closed","ping_status":"closed","sticky":false,"template":"","format":"standard","meta":{"footnotes":""},"categories":[1972,61,18561],"tags":[2713,9062],"class_list":["post-1232137","post","type-post","status-publish","format-standard","has-post-thumbnail","hentry","category-special","category-legislacion","category-society-politics","tag-gabybernal","tag-gabriela-bernal-resendiz"],"_links":{"self":[{"href":"https:\/\/www.acapulcopress.com\/index.php\/wp-json\/wp\/v2\/posts\/1232137","targetHints":{"allow":["GET"]}}],"collection":[{"href":"https:\/\/www.acapulcopress.com\/index.php\/wp-json\/wp\/v2\/posts"}],"about":[{"href":"https:\/\/www.acapulcopress.com\/index.php\/wp-json\/wp\/v2\/types\/post"}],"author":[{"embeddable":true,"href":"https:\/\/www.acapulcopress.com\/index.php\/wp-json\/wp\/v2\/users\/2"}],"replies":[{"embeddable":true,"href":"https:\/\/www.acapulcopress.com\/index.php\/wp-json\/wp\/v2\/comments?post=1232137"}],"version-history":[{"count":0,"href":"https:\/\/www.acapulcopress.com\/index.php\/wp-json\/wp\/v2\/posts\/1232137\/revisions"}],"wp:featuredmedia":[{"embeddable":true,"href":"https:\/\/www.acapulcopress.com\/index.php\/wp-json\/"}],"wp:attachment":[{"href":"https:\/\/www.acapulcopress.com\/index.php\/wp-json\/wp\/v2\/media?parent=1232137"}],"wp:term":[{"taxonomy":"category","embeddable":true,"href":"https:\/\/www.acapulcopress.com\/index.php\/wp-json\/wp\/v2\/categories?post=1232137"},{"taxonomy":"post_tag","embeddable":true,"href":"https:\/\/www.acapulcopress.com\/index.php\/wp-json\/wp\/v2\/tags?post=1232137"}],"curies":[{"name":"wp","href":"https:\/\/api.w.org\/{rel}","templated":true}]}}