{"id":1232148,"date":"2021-09-10T17:17:22","date_gmt":"2021-09-10T22:17:22","guid":{"rendered":"https:\/\/www.acapulco.press\/?p=1232148"},"modified":"2021-09-10T17:17:22","modified_gmt":"2021-09-10T22:17:22","slug":"conmebol-y-tecnicos-europeos-rechazan-plan-de-mundial-bienal","status":"publish","type":"post","link":"https:\/\/www.acapulcopress.com\/index.php\/2021\/09\/10\/conmebol-y-tecnicos-europeos-rechazan-plan-de-mundial-bienal\/","title":{"rendered":"Conmebol y t\u00e9cnicos europeos rechazan plan de &#8216;Mundial bienal&#8217;"},"content":{"rendered":"<div class=\"Article\" data-key=\"article\">\n<p style=\"text-align: justify;\">LONDRES. * 10 de septiembre de 2021.<br \/>\n<em>) <a href=\"https:\/\/apnews.com\/article\/deportes-017d341442a2e29f757841b6addd8c71\" target=\"_blank\" rel=\"noopener\">AP<\/a>.<\/em><\/p>\n<p style=\"text-align: justify;\">La Confederaci\u00f3n Sudamericana de F\u00fatbol (Conmebol) se sum\u00f3 a su hom\u00f3loga europea al oponerse al plan de la FIFA de organizar la Copa del Mundo cada dos a\u00f1os, y los t\u00e9cnicos J\u00fcrgen Klopp y Julian Nagelsmann tambi\u00e9n manifestaron su preocupaci\u00f3n el viernes.<\/p>\n<p style=\"text-align: justify;\">La oposici\u00f3n de la Conmebol de duplicar la frecuencia de los Mundiales resulta llamativa dado que su presidente, Alejandro Dom\u00ednguez, propuso el mismo concepto a la FIFA en 2018. Ahora, la Conmebol considera que una Copa del Mundo bienal levar\u00eda a bajar la calidad del torneo.<\/p>\n<p style=\"text-align: justify;\">\u201cNo existe una justificaci\u00f3n deportiva para acortar el periodo entre Copas del Mundo\u201d, se\u00f1al\u00f3 la Conmebol en un comunicado, en el cual no se aclara si fue firmado por los 10 pa\u00edses que conforman el organismo. \u201cSi bien en alg\u00fan momento la CONMEBOL apoy\u00f3 el proyecto en cuesti\u00f3n, an\u00e1lisis t\u00e9cnicos mostraron que es altamente inviable\u201d.<\/p>\n<p style=\"text-align: justify;\">La Uni\u00f3n de Federaciones Europeas de F\u00fatbol\u200b (UEFA), por su parte, la ha advertido que boicotear\u00e1 la Copa del Mundo si la FIFA no se apega al formato de cada cuatro a\u00f1os.<\/p>\n<p style=\"text-align: justify;\">El t\u00e9cnico del Liverpool, J\u00fcrgen Klopp, parece conocer perfectamente las razones por las que la FIFA est\u00e1 decidida a buscar respaldo para el plan, y no parece muy contento por los aparentes motivos econ\u00f3micos.<\/p>\n<p style=\"text-align: justify;\">\u201cA fin de cuentas\u201d, subray\u00f3, \u201ctodo se trata de dinero, as\u00ed son las cosas\u201d.<\/p>\n<p style=\"text-align: justify;\">En Alemania, el estratega del Bayern Munich, Julian Nagelsmann, se dijo preocupado sobre el impacto que tendr\u00eda duplicar la frecuencia del principal torneo de la FIFA.<\/p>\n<p style=\"text-align: justify;\">\u201cNo apoyo eso\u201d, sostuvo Nagelsmann. \u201cPor un lado, afecta la carga de trabajo para los jugadores y aparte devaluar\u00eda el Mundial. En caso de que se realice con m\u00e1s frecuencia, no tendr\u00e1 el mismo valor\u201d.<\/p>\n<p style=\"text-align: justify;\">La Conmebol opin\u00f3 algo similar.<\/p>\n<p style=\"text-align: justify;\">\u201cUna Copa del Mundo cada dos a\u00f1os podr\u00eda desnaturalizar la m\u00e1s importante competici\u00f3n de f\u00fatbol en el planeta, rebajando su calidad y minando su car\u00e1cter exclusivo y sus actuales est\u00e1ndares de exigencia\u201d, asever\u00f3 en su comunicado. \u201cUna Copa del Mundo cada dos a\u00f1os supondr\u00eda una sobrecarga pr\u00e1cticamente imposible de gestionar en el calendario internacional de competiciones. En las condiciones hoy vigentes ya resulta complejo armonizar los tiempos, cronogramas, la log\u00edstica, la preparaci\u00f3n adecuada de los equipos y los compromisos\u201d.<\/p>\n<p style=\"text-align: justify;\">Ese es el tipo de objeciones que Arsene Wenger no ha resaltado en sus presentaciones con los medios esta semana durante lo que la FIFA llam\u00f3 un proceso de consulta. El ext\u00e9cnico del Arsenal, en su papel de director de Desarrollo Mundial del F\u00fatbol de la FIFA, promueve una visi\u00f3n que ha generado preocupaci\u00f3n a Klopp y Nagelsmann, dos de los t\u00e9cnicos m\u00e1s exitosos del f\u00fatbol actual.<\/p>\n<p style=\"text-align: justify;\">Klopp es una figura respetada en la FIFA. Apenas hace tres semanas, Klopp recibi\u00f3 el premio al t\u00e9cnico del a\u00f1o de la FIFA de manos de Wenger.<\/p>\n<p style=\"text-align: justify;\">\u201cEstoy seguro de que no existe otro deporte en el mundo con un calendario tan incesante, ning\u00fan deporte de desgaste f\u00edsico\u201d, afirm\u00f3 Klopp. \u201cExisten deportes m\u00e1s demandantes en el mundo, como el atletismo o las pruebas de marat\u00f3n, todo tipo de cosas, por supuesto. Pero ellos no corren 20, 30 o 40 veces al a\u00f1o, por supuesto que no, y ning\u00fan otro deporte f\u00edsico tiene este calendario\u201d.<\/p>\n<\/div>\n","protected":false},"excerpt":{"rendered":"<p>LONDRES. * 10 de septiembre de 2021. ) AP. La Confederaci\u00f3n Sudamericana de F\u00fatbol (Conmebol) se sum\u00f3 a su hom\u00f3loga europea al oponerse al plan de la FIFA de organizar la Copa del Mundo cada dos a\u00f1os, y los t\u00e9cnicos J\u00fcrgen Klopp y Julian Nagelsmann tambi\u00e9n manifestaron su preocupaci\u00f3n el viernes. La oposici\u00f3n de la&#8230;<\/p>\n","protected":false},"author":2,"featured_media":1232149,"comment_status":"closed","ping_status":"closed","sticky":false,"template":"","format":"standard","meta":{"footnotes":""},"categories":[1972,1988,18566],"tags":[6346,8628,11309,11361,13399,17585],"class_list":["post-1232148","post","type-post","status-publish","format-standard","has-post-thumbnail","hentry","category-special","category-lifestyles","category-sports-lifestyles","tag-confederacion-sudamericana-de-futbol-conmebol","tag-fifa","tag-julian-nagelsmann","tag-jurgen-klopp","tag-mundial-bienal","tag-union-de-federaciones-europeas-de-futbol-uefa"],"_links":{"self":[{"href":"https:\/\/www.acapulcopress.com\/index.php\/wp-json\/wp\/v2\/posts\/1232148","targetHints":{"allow":["GET"]}}],"collection":[{"href":"https:\/\/www.acapulcopress.com\/index.php\/wp-json\/wp\/v2\/posts"}],"about":[{"href":"https:\/\/www.acapulcopress.com\/index.php\/wp-json\/wp\/v2\/types\/post"}],"author":[{"embeddable":true,"href":"https:\/\/www.acapulcopress.com\/index.php\/wp-json\/wp\/v2\/users\/2"}],"replies":[{"embeddable":true,"href":"https:\/\/www.acapulcopress.com\/index.php\/wp-json\/wp\/v2\/comments?post=1232148"}],"version-history":[{"count":0,"href":"https:\/\/www.acapulcopress.com\/index.php\/wp-json\/wp\/v2\/posts\/1232148\/revisions"}],"wp:featuredmedia":[{"embeddable":true,"href":"https:\/\/www.acapulcopress.com\/index.php\/wp-json\/"}],"wp:attachment":[{"href":"https:\/\/www.acapulcopress.com\/index.php\/wp-json\/wp\/v2\/media?parent=1232148"}],"wp:term":[{"taxonomy":"category","embeddable":true,"href":"https:\/\/www.acapulcopress.com\/index.php\/wp-json\/wp\/v2\/categories?post=1232148"},{"taxonomy":"post_tag","embeddable":true,"href":"https:\/\/www.acapulcopress.com\/index.php\/wp-json\/wp\/v2\/tags?post=1232148"}],"curies":[{"name":"wp","href":"https:\/\/api.w.org\/{rel}","templated":true}]}}