{"id":1232202,"date":"2021-09-10T20:14:10","date_gmt":"2021-09-11T01:14:10","guid":{"rendered":"https:\/\/www.acapulco.press\/?p=1232202"},"modified":"2021-09-10T20:14:10","modified_gmt":"2021-09-11T01:14:10","slug":"semar-activa-plan-marina-para-apoyar-a-la-poblacion-civil-de-acapulco","status":"publish","type":"post","link":"https:\/\/www.acapulcopress.com\/index.php\/2021\/09\/10\/semar-activa-plan-marina-para-apoyar-a-la-poblacion-civil-de-acapulco\/","title":{"rendered":"Semar activa &#8216;Plan Marina&#8217; para apoyar a la poblaci\u00f3n civil de Acapulco"},"content":{"rendered":"<p style=\"text-align: justify;\"><img loading=\"lazy\" decoding=\"async\" class=\"alignnone wp-image-1232203 size-large\" src=\"https:\/\/www.acapulco.press\/wp-content\/uploads\/2021\/09\/SEMAR-10Sep21.2.6-840x473.jpg\" alt=\"\" width=\"840\" height=\"473\" \/><\/p>\n<p>ACAPULCO. * 10 de septiembre de 2021.<br \/>\n<em>) Semar.<\/em><\/p>\n<p style=\"text-align: justify;\"><img loading=\"lazy\" decoding=\"async\" class=\"alignleft size-medium wp-image-1232209\" src=\"https:\/\/www.acapulco.press\/wp-content\/uploads\/2021\/09\/SEMAR-10Sep21-375x178.jpg\" alt=\"\" width=\"375\" height=\"178\" \/>La Secretar\u00eda de Marina-Armada de M\u00e9xico, por conducto de la Octava Regi\u00f3n Naval, con sede en este Puerto, informa las acciones de apoyo a la poblaci\u00f3n civil efectuadas en el marco de la activaci\u00f3n del Plan Marina en su fase de \u201cAuxilio\u201d, derivado del sismo de 7.1 grados en la escala de Richter, la noche del pasado 07 de septiembre del actual.<\/p>\n<p>Tras el fen\u00f3meno geol\u00f3gico se alistaron 224 elementos adscritos a unidades y dependencias de la Octava Regi\u00f3n Naval y se <img loading=\"lazy\" decoding=\"async\" class=\"alignleft size-medium wp-image-1232208\" src=\"https:\/\/www.acapulco.press\/wp-content\/uploads\/2021\/09\/SEMAR-10Sep21.9-375x211.jpg\" alt=\"\" width=\"375\" height=\"211\" \/>integraron las Brigadas de apoyo a la poblaci\u00f3n civil en el municipio de Acapulco, Guerrero.<\/p>\n<p>Durante los d\u00edas 07 y 08 de septiembre, se proporcionaron distintos apoyos a 195 personas, elementos navales efectuaron recorridos terrestres y a pie en diversas colonias de la ciudad, para apoyar en el retiro de escombros y cristales rotos en casas y lugares de la v\u00eda p\u00fablica, as\u00ed como la invitaci\u00f3n a la ciudadan\u00eda para alejarse de las \u00e1reas de riesgo; de igual manera, personal de Sanidad Naval brind\u00f3 primeros auxilios a la poblaci\u00f3n y elementos <img loading=\"lazy\" decoding=\"async\" class=\"alignleft size-medium wp-image-1232207\" src=\"https:\/\/www.acapulco.press\/wp-content\/uploads\/2021\/09\/SEMAR-10Sep21.8-375x281.jpg\" alt=\"\" width=\"375\" height=\"281\" \/>de Infanter\u00eda de Marina realizaron recorridos para la disuasi\u00f3n del delito y\/o evitar actos de rapi\u00f1a.<\/p>\n<p>Asimismo, ayer se desplegaron tres veh\u00edculos y 60 elementos de la Armada de M\u00e9xico al poblado de \u201cTortolitas\u201d, ubicado a 50 kil\u00f3metros de la zona rural de la ciudad de Acapulco, en donde se proporcionaron apoyos a 42 viviendas afectadas que presentaban da\u00f1os en su estructura, efectuando el retiro de escombros, \u00e1rboles ca\u00eddos y la invitaci\u00f3n a la poblaci\u00f3n para retirarse de las \u00e1reas de riesgo.<\/p>\n<p style=\"text-align: justify;\">Cabe hacer menci\u00f3n que a partir de la fecha, la Secretar\u00eda de Marina-Armada de M\u00e9xico mantiene activo el Plan Marina en su Fase de\u201d Recuperaci\u00f3n\u201d, la cual va orientada a la reconstrucci\u00f3n y mejoramiento de la poblaci\u00f3n y el entorno afectado. De igual forma se mantendr\u00e1 en coordinaci\u00f3n con autoridades de los tres niveles de Gobierno y Protecci\u00f3n Civil, para proporcionar los apoyos necesarios y coadyuvar con el bienestar de la ciudadan\u00eda.<\/p>\n<p><img loading=\"lazy\" decoding=\"async\" class=\"alignnone wp-image-1232205 size-large\" src=\"https:\/\/www.acapulco.press\/wp-content\/uploads\/2021\/09\/SEMAR-10Sep21.5-840x1120.jpg\" alt=\"\" width=\"840\" height=\"1120\" \/><\/p>\n<p style=\"text-align: justify;\"><strong>HONOR, DEBER, LEALTAD, PATRIOTISMO<br \/>\n<\/strong>-ooOoo-<\/p>\n","protected":false},"excerpt":{"rendered":"<p>ACAPULCO. * 10 de septiembre de 2021. ) Semar. La Secretar\u00eda de Marina-Armada de M\u00e9xico, por conducto de la Octava Regi\u00f3n Naval, con sede en este Puerto, informa las acciones de apoyo a la poblaci\u00f3n civil efectuadas en el marco de la activaci\u00f3n del Plan Marina en su fase de \u201cAuxilio\u201d, derivado del sismo de&#8230;<\/p>\n","protected":false},"author":2,"featured_media":1232206,"comment_status":"closed","ping_status":"closed","sticky":false,"template":"","format":"standard","meta":{"footnotes":""},"categories":[2038,18561],"tags":[13859,14624,16222],"class_list":["post-1232202","post","type-post","status-publish","format-standard","has-post-thumbnail","hentry","category-contingencias","category-society-politics","tag-octava-region-naval-acapulco","tag-plan-marina","tag-secretaria-de-marina-semar"],"_links":{"self":[{"href":"https:\/\/www.acapulcopress.com\/index.php\/wp-json\/wp\/v2\/posts\/1232202","targetHints":{"allow":["GET"]}}],"collection":[{"href":"https:\/\/www.acapulcopress.com\/index.php\/wp-json\/wp\/v2\/posts"}],"about":[{"href":"https:\/\/www.acapulcopress.com\/index.php\/wp-json\/wp\/v2\/types\/post"}],"author":[{"embeddable":true,"href":"https:\/\/www.acapulcopress.com\/index.php\/wp-json\/wp\/v2\/users\/2"}],"replies":[{"embeddable":true,"href":"https:\/\/www.acapulcopress.com\/index.php\/wp-json\/wp\/v2\/comments?post=1232202"}],"version-history":[{"count":0,"href":"https:\/\/www.acapulcopress.com\/index.php\/wp-json\/wp\/v2\/posts\/1232202\/revisions"}],"wp:featuredmedia":[{"embeddable":true,"href":"https:\/\/www.acapulcopress.com\/index.php\/wp-json\/"}],"wp:attachment":[{"href":"https:\/\/www.acapulcopress.com\/index.php\/wp-json\/wp\/v2\/media?parent=1232202"}],"wp:term":[{"taxonomy":"category","embeddable":true,"href":"https:\/\/www.acapulcopress.com\/index.php\/wp-json\/wp\/v2\/categories?post=1232202"},{"taxonomy":"post_tag","embeddable":true,"href":"https:\/\/www.acapulcopress.com\/index.php\/wp-json\/wp\/v2\/tags?post=1232202"}],"curies":[{"name":"wp","href":"https:\/\/api.w.org\/{rel}","templated":true}]}}