{"id":1232215,"date":"2021-09-10T20:25:23","date_gmt":"2021-09-11T01:25:23","guid":{"rendered":"https:\/\/www.acapulco.press\/?p=1232215"},"modified":"2021-09-10T20:25:23","modified_gmt":"2021-09-11T01:25:23","slug":"adela-pide-a-cenapred-declarar-acapulco-zona-de-desastre","status":"publish","type":"post","link":"https:\/\/www.acapulcopress.com\/index.php\/2021\/09\/10\/adela-pide-a-cenapred-declarar-acapulco-zona-de-desastre\/","title":{"rendered":"Adela pide a Cenapred declarar Acapulco &#8216;zona de desastre&#8217;"},"content":{"rendered":"<p style=\"text-align: justify;\"><strong>* \u00ab\u00a1Qu\u00e9 hablen!\u00bb, todo lo que digan de mi, \u00abse me resbala\u00bb, alardea la alcaldesa de Acapulco\u00b4&#8230; <\/strong>\u00bfser\u00e1?<\/p>\n<p style=\"text-align: justify;\">Adela Rom\u00e1n Ocampo pidi\u00f3 hoy al Centro Nacional de Prevenci\u00f3n de Desastres (Cenapred) declarar a Acapulco &#8216;zona de desastre&#8217;&#8230; \u00bfolvid\u00f3, quiz\u00e1, que los da\u00f1os causados por su gobierno y sus parientes son peores que los ocasionados por el sismo del martes? No obstante, a\u00fan tuvo el cinismo de emitir en conferencia de prensa para anunciar que ser\u00e1 \u00abpuente con la Federaci\u00f3n y el Estado para gestionar la reconstrucci\u00f3n de vivienda\u00bb. A estas alturas, \u00bfhabr\u00e1 qui\u00e9n le crea sus actos de &#8216;humanismo&#8217; y &#8216;altruismo&#8217; hip\u00f3critas, si no ha hecho (casi) nada por los afectados por la pandemia ni por Acapulco y ni, siquiera, por sus propios empleados jubilados y pensionados que mueren de hambre y el Covid19 por falta de dinero y medicamentos que no pueden adquirir porque el Ayuntamiento retiene las cuotas del ISSSPEG que puntualmente les descuentan a los trabajadores de base pero por arte de magia desparecen?<br \/>\nwww.<strong>acapulco.press<\/strong><\/p>\n","protected":false},"excerpt":{"rendered":"<p>* \u00ab\u00a1Qu\u00e9 hablen!\u00bb, todo lo que digan de mi, \u00abse me resbala\u00bb, alardea la alcaldesa de Acapulco\u00b4&#8230; \u00bfser\u00e1? Adela Rom\u00e1n Ocampo pidi\u00f3 hoy al Centro Nacional de Prevenci\u00f3n de Desastres (Cenapred) declarar a Acapulco &#8216;zona de desastre&#8217;&#8230; \u00bfolvid\u00f3, quiz\u00e1, que los da\u00f1os causados por su gobierno y sus parientes son peores que los ocasionados por&#8230;<\/p>\n","protected":false},"author":2,"featured_media":1232216,"comment_status":"closed","ping_status":"closed","sticky":false,"template":"","format":"standard","meta":{"footnotes":""},"categories":[2069,2008],"tags":[3257,5570,9279],"class_list":["post-1232215","post","type-post","status-publish","format-standard","has-post-thumbnail","hentry","category-a-contraluz","category-editorial","tag-adela-roman-ocampo","tag-centro-nacional-de-prevencion-de-desastres-cenapred","tag-gobierno-de-acapulco"],"_links":{"self":[{"href":"https:\/\/www.acapulcopress.com\/index.php\/wp-json\/wp\/v2\/posts\/1232215","targetHints":{"allow":["GET"]}}],"collection":[{"href":"https:\/\/www.acapulcopress.com\/index.php\/wp-json\/wp\/v2\/posts"}],"about":[{"href":"https:\/\/www.acapulcopress.com\/index.php\/wp-json\/wp\/v2\/types\/post"}],"author":[{"embeddable":true,"href":"https:\/\/www.acapulcopress.com\/index.php\/wp-json\/wp\/v2\/users\/2"}],"replies":[{"embeddable":true,"href":"https:\/\/www.acapulcopress.com\/index.php\/wp-json\/wp\/v2\/comments?post=1232215"}],"version-history":[{"count":0,"href":"https:\/\/www.acapulcopress.com\/index.php\/wp-json\/wp\/v2\/posts\/1232215\/revisions"}],"wp:featuredmedia":[{"embeddable":true,"href":"https:\/\/www.acapulcopress.com\/index.php\/wp-json\/"}],"wp:attachment":[{"href":"https:\/\/www.acapulcopress.com\/index.php\/wp-json\/wp\/v2\/media?parent=1232215"}],"wp:term":[{"taxonomy":"category","embeddable":true,"href":"https:\/\/www.acapulcopress.com\/index.php\/wp-json\/wp\/v2\/categories?post=1232215"},{"taxonomy":"post_tag","embeddable":true,"href":"https:\/\/www.acapulcopress.com\/index.php\/wp-json\/wp\/v2\/tags?post=1232215"}],"curies":[{"name":"wp","href":"https:\/\/api.w.org\/{rel}","templated":true}]}}