{"id":1232223,"date":"2021-09-13T21:45:21","date_gmt":"2021-09-14T02:45:21","guid":{"rendered":"https:\/\/www.acapulco.press\/?p=1232223"},"modified":"2021-09-13T21:45:21","modified_gmt":"2021-09-14T02:45:21","slug":"por-violacion-equiparada-y-privacion-de-libertad-fge-captura-a-dos-individuos","status":"publish","type":"post","link":"https:\/\/www.acapulcopress.com\/index.php\/2021\/09\/13\/por-violacion-equiparada-y-privacion-de-libertad-fge-captura-a-dos-individuos\/","title":{"rendered":"Por violaci\u00f3n equiparada y privaci\u00f3n de libertad FGE captura a dos individuos"},"content":{"rendered":"<p>CHILPANCINGO. * 13 de septiembre de 2021.<br \/>\n<a href=\"https:\/\/fiscaliaguerrero.gob.mx\" target=\"_blank\" rel=\"noopener\"><em>) https:\/\/fiscaliaguerrero.gob.mx.<\/em><\/a><\/p>\n<p style=\"text-align: justify;\"><img loading=\"lazy\" decoding=\"async\" class=\"alignleft size-medium wp-image-1232225\" src=\"https:\/\/www.acapulco.press\/wp-content\/uploads\/2021\/09\/fge-abad-375x375.jpg\" alt=\"\" width=\"375\" height=\"375\" \/>Fiscal\u00eda de Guerrero, a trav\u00e9s de la Polic\u00eda Investigadora Ministerial de Delitos Sexuales y Violencia Familiar, dio cumplimiento a la orden de aprehensi\u00f3n en contra de Angelito \u00abN\u00bb, detenido sobre Libramiento a Tixtla, como probable responsable del delito de violaci\u00f3n equiparada agravada, hechos en la carpeta judicial C-258\/2021.<\/p>\n<p style=\"text-align: justify;\">As\u00ed mismo, FGE dio cumplimiento a la orden de aprehensi\u00f3n en contra de Abad \u00abN\u00bb, detenido como probable responsable del delito de privaci\u00f3n de libertad personal en agosto de dos personas del sexo masculino, quedando a disposici\u00f3n del Juez de Control y Enjuiciamiento penal.<\/p>\n","protected":false},"excerpt":{"rendered":"<p>CHILPANCINGO. * 13 de septiembre de 2021. ) https:\/\/fiscaliaguerrero.gob.mx. Fiscal\u00eda de Guerrero, a trav\u00e9s de la Polic\u00eda Investigadora Ministerial de Delitos Sexuales y Violencia Familiar, dio cumplimiento a la orden de aprehensi\u00f3n en contra de Angelito \u00abN\u00bb, detenido sobre Libramiento a Tixtla, como probable responsable del delito de violaci\u00f3n equiparada agravada, hechos en la carpeta&#8230;<\/p>\n","protected":false},"author":2,"featured_media":1232224,"comment_status":"closed","ping_status":"closed","sticky":false,"template":"","format":"standard","meta":{"footnotes":""},"categories":[1969,2005],"tags":[8703,10946,14737],"class_list":["post-1232223","post","type-post","status-publish","format-standard","has-post-thumbnail","hentry","category-trending","category-seguridad-y-justicia","tag-fiscalia-general-del-estado-de-guerrero-fge","tag-jorge-zuriel-de-los-santos-barrila","tag-policia-ministerial-de-guerrero"],"_links":{"self":[{"href":"https:\/\/www.acapulcopress.com\/index.php\/wp-json\/wp\/v2\/posts\/1232223","targetHints":{"allow":["GET"]}}],"collection":[{"href":"https:\/\/www.acapulcopress.com\/index.php\/wp-json\/wp\/v2\/posts"}],"about":[{"href":"https:\/\/www.acapulcopress.com\/index.php\/wp-json\/wp\/v2\/types\/post"}],"author":[{"embeddable":true,"href":"https:\/\/www.acapulcopress.com\/index.php\/wp-json\/wp\/v2\/users\/2"}],"replies":[{"embeddable":true,"href":"https:\/\/www.acapulcopress.com\/index.php\/wp-json\/wp\/v2\/comments?post=1232223"}],"version-history":[{"count":0,"href":"https:\/\/www.acapulcopress.com\/index.php\/wp-json\/wp\/v2\/posts\/1232223\/revisions"}],"wp:featuredmedia":[{"embeddable":true,"href":"https:\/\/www.acapulcopress.com\/index.php\/wp-json\/"}],"wp:attachment":[{"href":"https:\/\/www.acapulcopress.com\/index.php\/wp-json\/wp\/v2\/media?parent=1232223"}],"wp:term":[{"taxonomy":"category","embeddable":true,"href":"https:\/\/www.acapulcopress.com\/index.php\/wp-json\/wp\/v2\/categories?post=1232223"},{"taxonomy":"post_tag","embeddable":true,"href":"https:\/\/www.acapulcopress.com\/index.php\/wp-json\/wp\/v2\/tags?post=1232223"}],"curies":[{"name":"wp","href":"https:\/\/api.w.org\/{rel}","templated":true}]}}