{"id":1232230,"date":"2021-09-13T22:27:10","date_gmt":"2021-09-14T03:27:10","guid":{"rendered":"https:\/\/www.acapulco.press\/?p=1232230"},"modified":"2021-09-13T22:27:10","modified_gmt":"2021-09-14T03:27:10","slug":"senador-anorve-propone-crear-fondo-especial-para-damnificados-de-guerrero","status":"publish","type":"post","link":"https:\/\/www.acapulcopress.com\/index.php\/2021\/09\/13\/senador-anorve-propone-crear-fondo-especial-para-damnificados-de-guerrero\/","title":{"rendered":"Senador A\u00f1orve propone crear fondo especial para damnificados de Guerrero"},"content":{"rendered":"<p style=\"text-align: justify;\">CIUDAD DE M\u00c9XICO. * 13 de septiembre de 2021.<br \/>\n<em>) Especial.<\/em><br \/>\nEl Senador de la Rep\u00fablica Manuel A\u00f1orve Ba\u00f1os, present\u00f3 un punto de acuerdo para que se destinen los recursos materiales y humanos necesarios para que los guerrerenses afectados por el sismo de 7.1 grados, ocurrido en d\u00edas pasados, el cual tuvo su epicentro en Acapulco, puedan hacerle frente a los da\u00f1os provocados.<\/p>\n<p style=\"text-align: justify;\">Manuel A\u00f1orve dijo que es prioritario que las dependencias del Gobierno Federal cumplan la instrucci\u00f3n del Presidente para apoyar al gobierno estatal, pues esa es una de las principales obligaciones del pacto federal.<\/p>\n<p style=\"text-align: justify;\">Por lo que, el legislador guerrerense exhort\u00f3 a la Comisi\u00f3n de Presupuesto y Cuenta P\u00fablica de la C\u00e1mara de Diputados a que, en el marco de la discusi\u00f3n del Decreto de Presupuesto de Egresos de la Federaci\u00f3n 2022, se establezca una partida etiquetada espec\u00edficamente para la reconstrucci\u00f3n de viviendas e infraestructura p\u00fablica, que result\u00f3 da\u00f1ada por dicho fen\u00f3meno natural.<\/p>\n<p style=\"text-align: justify;\">Finalmente, A\u00f1orve Ba\u00f1os, lament\u00f3 la desaparici\u00f3n del FONDEN, ya que en estos momentos ser\u00eda de mucha ayuda para los damnificados.<\/p>\n","protected":false},"excerpt":{"rendered":"<p>CIUDAD DE M\u00c9XICO. * 13 de septiembre de 2021. ) Especial. El Senador de la Rep\u00fablica Manuel A\u00f1orve Ba\u00f1os, present\u00f3 un punto de acuerdo para que se destinen los recursos materiales y humanos necesarios para que los guerrerenses afectados por el sismo de 7.1 grados, ocurrido en d\u00edas pasados, el cual tuvo su epicentro en&#8230;<\/p>\n","protected":false},"author":2,"featured_media":1232231,"comment_status":"closed","ping_status":"closed","sticky":false,"template":"","format":"standard","meta":{"footnotes":""},"categories":[61,18561],"tags":[12366,16688],"class_list":["post-1232230","post","type-post","status-publish","format-standard","has-post-thumbnail","hentry","category-legislacion","category-society-politics","tag-manuel-anorve-banos","tag-sismo-guerrero-2021"],"_links":{"self":[{"href":"https:\/\/www.acapulcopress.com\/index.php\/wp-json\/wp\/v2\/posts\/1232230","targetHints":{"allow":["GET"]}}],"collection":[{"href":"https:\/\/www.acapulcopress.com\/index.php\/wp-json\/wp\/v2\/posts"}],"about":[{"href":"https:\/\/www.acapulcopress.com\/index.php\/wp-json\/wp\/v2\/types\/post"}],"author":[{"embeddable":true,"href":"https:\/\/www.acapulcopress.com\/index.php\/wp-json\/wp\/v2\/users\/2"}],"replies":[{"embeddable":true,"href":"https:\/\/www.acapulcopress.com\/index.php\/wp-json\/wp\/v2\/comments?post=1232230"}],"version-history":[{"count":0,"href":"https:\/\/www.acapulcopress.com\/index.php\/wp-json\/wp\/v2\/posts\/1232230\/revisions"}],"wp:featuredmedia":[{"embeddable":true,"href":"https:\/\/www.acapulcopress.com\/index.php\/wp-json\/"}],"wp:attachment":[{"href":"https:\/\/www.acapulcopress.com\/index.php\/wp-json\/wp\/v2\/media?parent=1232230"}],"wp:term":[{"taxonomy":"category","embeddable":true,"href":"https:\/\/www.acapulcopress.com\/index.php\/wp-json\/wp\/v2\/categories?post=1232230"},{"taxonomy":"post_tag","embeddable":true,"href":"https:\/\/www.acapulcopress.com\/index.php\/wp-json\/wp\/v2\/tags?post=1232230"}],"curies":[{"name":"wp","href":"https:\/\/api.w.org\/{rel}","templated":true}]}}