{"id":1232236,"date":"2021-09-13T22:56:19","date_gmt":"2021-09-14T03:56:19","guid":{"rendered":"https:\/\/www.acapulco.press\/?p=1232236"},"modified":"2021-09-13T22:56:19","modified_gmt":"2021-09-14T03:56:19","slug":"convoca-semar-al-xxi-concurso-nacional-de-expresion-literaria-la-juventud-y-la-mar","status":"publish","type":"post","link":"https:\/\/www.acapulcopress.com\/index.php\/2021\/09\/13\/convoca-semar-al-xxi-concurso-nacional-de-expresion-literaria-la-juventud-y-la-mar\/","title":{"rendered":"Convoca Semar al XXI Concurso Nacional de Expresi\u00f3n Literaria \u00abLa Juventud y la mar\u00bb"},"content":{"rendered":"<p style=\"text-align: justify;\">CIUDAD DE M\u00c9XICO. * 13 de septiembre de 2021.<br \/>\n) Semar.<\/p>\n<p style=\"text-align: justify;\">En el marco de la celebraci\u00f3n de los \u201c200 a\u00f1os de la Armada de M\u00e9xico\u201d, fecha hist\u00f3rica que conmemora la creaci\u00f3n y evoluci\u00f3n de esta Instituci\u00f3n, se invita a los j\u00f3venes mexicanos de nacimiento, de 13 a 17 a\u00f1os de edad, a participar en el XXI Concurso Nacional de Expresi\u00f3n Literaria \u00abLa Juventud y la Mar\u00bb, el cual tiene como objetivo motivarlos a expresar su sentir y percepci\u00f3n respecto a este importante hecho hist\u00f3rico.<\/p>\n<p>Este concurso tiene como prop\u00f3sito que las y los j\u00f3venes mexicanos sean part\u00edcipes del Bicentenario de la Armada de M\u00e9xico, una Instituci\u00f3n que a lo largo de su historia se ha preocupado por la juventud mexicana, consciente de que es el futuro de nuestro pa\u00eds. En ese sentido, se les invita a realizar un trabajo literario, siendo el tema central los \u00ab200 a\u00f1os de la Armada de M\u00e9xico\u00bb, en cualquiera de sus diferentes aspectos y manifestaciones.<\/p>\n<p>Las bases de la convocatoria est\u00e1n publicadas en la p\u00e1gina web oficial de esta Secretar\u00eda, as\u00ed como en sus redes sociales, cerrando con fecha 12 de noviembre de este mismo a\u00f1o.<\/p>\n<p>Cabe destacar que el trabajo se elaborar\u00e1 a computadora, con doble espacio entre l\u00edneas, con una extensi\u00f3n m\u00ednima de tres cuartillas y m\u00e1xima de diez cuartillas, con tipo de letra arial del n\u00famero 12. Asimismo, la entrega de los trabajos ser\u00e1 en las oficinas del Coordinador Oficial del concurso designado por el Gobierno de cada estado de la Rep\u00fablica y de la Ciudad de M\u00e9xico, cuyo domicilio podr\u00e1 localizarse en el directorio publicado en la p\u00e1gina de internet www.gob.mx\/semar.<\/p>\n<p>De igual manera, las y los j\u00f3venes que habitan en los estados costeros podr\u00e1n enviar de manera digital su trabajo literario al correo electr\u00f3nico de la Regi\u00f3n, Zona o Sector Naval de su estado que podr\u00e1n consultar en el directorio publicado en la p\u00e1gina de internet <em><a href=\"http:\/\/www.gob.mx\/semar\" target=\"_blank\" rel=\"noopener\">www.gob.mx\/semar<\/a>.<\/em><\/p>\n<p>Los trabajos sin excepci\u00f3n alguna deber\u00e1n incluir los siguientes datos:<\/p>\n<p style=\"text-align: justify;\">* T\u00edtulo del relato.<br \/>\n* Nombre completo del concursante.<br \/>\n* Edad.<br \/>\n* Domicilio particular: calle, n\u00famero, colonia, ciudad o municipio, c\u00f3digo postal.<br \/>\n* Correo electr\u00f3nico.<br \/>\n* N\u00famero telef\u00f3nico con clave lada en el que se pueda localizar f\u00e1cilmente, ya sea propio o de alg\u00fan familiar cercano.<br \/>\n* Acta de nacimiento, Clave \u00danica de Registro de Poblaci\u00f3n (CURP) y comprobante de domicilio, debiendo enviar la documentaci\u00f3n en formato PDF.<br \/>\n* Ficha de inscripci\u00f3n (est\u00e1 anexa a la convocatoria del concurso).<\/p>\n<p style=\"text-align: justify;\">Los Coordinadores de Regi\u00f3n, Zona o Sector Naval deber\u00e1n de remitir de manera digital los trabajos literarios recibidos oportunamente al coordinador oficial designado por cada estado. Asimismo, los resultados emitidos por los coordinadores estatales del certamen ser\u00e1n publicados en la p\u00e1gina web oficial de la SEMAR, a partir del 29 de noviembre.<\/p>\n<p style=\"text-align: justify;\">Como parte de los incentivos que la Instituci\u00f3n otorga a fin de fomentar en los j\u00f3venes el gusto por literatura, los ganadores se har\u00e1n acreedores a los siguientes premios:<\/p>\n<p><strong>Primer lugar:<\/strong> un diploma, souvenirs de Marina, obras literarias y un obsequio sorpresa.<\/p>\n<p><strong>Segundo <\/strong>y <strong>tercer lugar:<\/strong> un diploma, souvenirs de Marina, obras literarias y un obsequio sorpresa.<\/p>\n<p style=\"text-align: justify;\">De esta manera, la Secretar\u00eda de Marina invita a todos los j\u00f3venes mexicanos a participar en el XXI Concurso Nacional de Expresi\u00f3n Literaria \u00abLa Juventud y la Mar\u00bb, en el marco de los \u00ab200 a\u00f1os de la Armada de M\u00e9xico\u201d, una Instituci\u00f3n que naci\u00f3 Para Servir a M\u00e9xico.<\/p>\n<p style=\"text-align: justify;\">La celebraci\u00f3n de este Bicentenario se remonta a los inicios del M\u00e9xico independiente, el 4 de octubre de 1821, cuando el General Agust\u00edn de Iturbide, ante la necesidad del joven Estado mexicano de contar con una Armada para salvaguardar la Soberan\u00eda Nacional, decreto\u0301 la creaci\u00f3n del Ministerio de Guerra y Marina, dirigido por el Teniente de Nav\u00edo Antonio de Medina Miranda, acto con el que dio inicio la historia de la Armada de M\u00e9xico.<\/p>\n<p><img loading=\"lazy\" decoding=\"async\" class=\"alignnone wp-image-1232238 size-large\" src=\"https:\/\/www.acapulco.press\/wp-content\/uploads\/2021\/09\/semar-juvnetud-840x574.jpg\" alt=\"\" width=\"840\" height=\"574\" \/><\/p>\n","protected":false},"excerpt":{"rendered":"<p>CIUDAD DE M\u00c9XICO. * 13 de septiembre de 2021. ) Semar. En el marco de la celebraci\u00f3n de los \u201c200 a\u00f1os de la Armada de M\u00e9xico\u201d, fecha hist\u00f3rica que conmemora la creaci\u00f3n y evoluci\u00f3n de esta Instituci\u00f3n, se invita a los j\u00f3venes mexicanos de nacimiento, de 13 a 17 a\u00f1os de edad, a participar en&#8230;<\/p>\n","protected":false},"author":2,"featured_media":1232237,"comment_status":"closed","ping_status":"closed","sticky":false,"template":"","format":"standard","meta":{"footnotes":""},"categories":[2025,1972,1988],"tags":[2234,16222,18179],"class_list":["post-1232236","post","type-post","status-publish","format-standard","has-post-thumbnail","hentry","category-arte-y-literatura","category-special","category-lifestyles","tag-la-juventud-y-la-mar","tag-secretaria-de-marina-semar","tag-xxi-concurso-nacional-de-expresion-literaria-semar"],"_links":{"self":[{"href":"https:\/\/www.acapulcopress.com\/index.php\/wp-json\/wp\/v2\/posts\/1232236","targetHints":{"allow":["GET"]}}],"collection":[{"href":"https:\/\/www.acapulcopress.com\/index.php\/wp-json\/wp\/v2\/posts"}],"about":[{"href":"https:\/\/www.acapulcopress.com\/index.php\/wp-json\/wp\/v2\/types\/post"}],"author":[{"embeddable":true,"href":"https:\/\/www.acapulcopress.com\/index.php\/wp-json\/wp\/v2\/users\/2"}],"replies":[{"embeddable":true,"href":"https:\/\/www.acapulcopress.com\/index.php\/wp-json\/wp\/v2\/comments?post=1232236"}],"version-history":[{"count":0,"href":"https:\/\/www.acapulcopress.com\/index.php\/wp-json\/wp\/v2\/posts\/1232236\/revisions"}],"wp:featuredmedia":[{"embeddable":true,"href":"https:\/\/www.acapulcopress.com\/index.php\/wp-json\/"}],"wp:attachment":[{"href":"https:\/\/www.acapulcopress.com\/index.php\/wp-json\/wp\/v2\/media?parent=1232236"}],"wp:term":[{"taxonomy":"category","embeddable":true,"href":"https:\/\/www.acapulcopress.com\/index.php\/wp-json\/wp\/v2\/categories?post=1232236"},{"taxonomy":"post_tag","embeddable":true,"href":"https:\/\/www.acapulcopress.com\/index.php\/wp-json\/wp\/v2\/tags?post=1232236"}],"curies":[{"name":"wp","href":"https:\/\/api.w.org\/{rel}","templated":true}]}}