{"id":1232243,"date":"2021-09-14T18:28:56","date_gmt":"2021-09-14T23:28:56","guid":{"rendered":"https:\/\/www.acapulco.press\/?p=1232243"},"modified":"2021-09-14T18:28:56","modified_gmt":"2021-09-14T23:28:56","slug":"convoca-julio-cesar-bernal-a-sectores-sociales-y-empresariales-a-respaldar-a-abelina-lopez","status":"publish","type":"post","link":"https:\/\/www.acapulcopress.com\/index.php\/2021\/09\/14\/convoca-julio-cesar-bernal-a-sectores-sociales-y-empresariales-a-respaldar-a-abelina-lopez\/","title":{"rendered":"Convoca Julio C\u00e9sar Bernal a sectores sociales y empresariales a respaldar a Abelina L\u00f3pez"},"content":{"rendered":"<p style=\"text-align: justify;\">\u00bb <strong>\u00c1ngel Blanco<\/strong>.<br \/>\nACAPULCO. * 14 de septiembre de 2021.<br \/>\n<em>) Acapulco Press.<\/em><\/p>\n<p style=\"text-align: justify;\"><img loading=\"lazy\" decoding=\"async\" class=\"alignleft size-medium wp-image-1232251\" style=\"text-align: justify;\" src=\"https:\/\/www.acapulco.press\/wp-content\/uploads\/2021\/09\/JCBR8-375x281.jpeg\" alt=\"\" width=\"375\" height=\"281\" \/><\/p>\n<p style=\"text-align: justify;\">A nombre de los sectores sociales y empresariales que representa, a trav\u00e9s de la\u00a0 organizaci\u00f3n civil Regeneraci\u00f3n y Compromiso, el empresario y dirigente pol\u00edtico Julio C\u00e9sar Bernal Res\u00e9ndiz convoc\u00f3 a los acapulque\u00f1os a cerrar filas para respaldar la nueva administraci\u00f3n que encabezar\u00e1 Abelina L\u00f3pez Rodr\u00edguez.<\/p>\n<p style=\"text-align: justify;\">Con la experiencia adquirida mediante 30 a\u00f1os como dirigente pol\u00edtico y representante social en algunos distritos de Acapulco, sin af\u00e1n de intereses ni coqueteos pol\u00edticos, el ex dirigente del Frente Juvenil Revolucionario del PRI y coordinador pol\u00edtico de Movimiento Ciudadano, en conferencia de prensa se\u00f1al\u00f3 que es tiempo de dejar de lado las mezquindades y apoyar a la presidenta municipal electa \u00abpara que a Acapulco le vaya bien\u00bb.<\/p>\n<p style=\"text-align: justify;\">Lejos de criticar a la presidenta electa y opinar que desconoce la <img loading=\"lazy\" decoding=\"async\" class=\"alignleft size-medium wp-image-1232250\" src=\"https:\/\/www.acapulco.press\/wp-content\/uploads\/2021\/09\/JCBR7-375x281.jpeg\" alt=\"\" width=\"375\" height=\"281\" \/>problem\u00e1tica de Acapulco, como acus\u00f3 el exgobernador Zeferino Torreblanca Galindo, a Abelina se le debe reconocer el trabajo hecho durante muchos a\u00f1os a favor de las causas m\u00e1s sentidas de Acapulco y en beneficio de muchos acapulque\u00f1os que cohabitan los sectores m\u00e1s vulnerables del puerto.<\/p>\n<p style=\"text-align: justify;\">Al respecto, Bernal Res\u00e9ndiz coloquialmente expres\u00f3 que los que ya administraron el municipio de Acapulco, \u00abcomo dice el dicho: que se sienten y que dejen bailar\u00bb a los que no han bailado\u00bb.<\/p>\n<p style=\"text-align: justify;\">En franca alusi\u00f3n al exmandatario perredista, el dirigente social detall\u00f3 que las inquietudes de Zeferino Torreblanca pudieran interpretarse como que \u00able falt\u00f3 gobernar o quiere seguir <img loading=\"lazy\" decoding=\"async\" class=\"alignleft size-medium wp-image-1232253\" src=\"https:\/\/www.acapulco.press\/wp-content\/uploads\/2021\/09\/JCBR10-375x281.jpeg\" alt=\"\" width=\"375\" height=\"281\" \/>gobernando\u00bb, pero Zeferino deber\u00eda entender que \u00abya es tiempo de dejar gobernar a otras personas\u00bb<\/p>\n<p style=\"text-align: justify;\">Sus tiempos \u00abya pasaron\u00bb,\u00a0 subray\u00f3 Bernal Res\u00e9ndiz, quien respetuosamente solicit\u00f3 a Torreblanca \u00abdejar que gobiernen las autoridades electas\u00bb y que en lugar de criticar que\u00a0 \u00abque sume discretamente sus propuestas al nuevo proyecto de gobierno que encabezar\u00e1 Abelina L\u00f3pez\u00bb, porque trae \u00abgente nueva, gente fresca, gente joven, con propuestas y con ideas, pero sobre todo, con arraigo y liderazgo\u00bb.<\/p>\n<p style=\"text-align: justify;\">Desde su perspectiva, Julio C\u00e9sar Bernal cree firmemente que a Abelina L\u00f3pez Rodr\u00edguez, independientemente del partido que representa, se le debe dar \u00abel beneficio de la duda\u00bb y que los que <img loading=\"lazy\" decoding=\"async\" class=\"alignleft size-medium wp-image-1232246\" src=\"https:\/\/www.acapulco.press\/wp-content\/uploads\/2021\/09\/JCBR3-375x281.jpeg\" alt=\"\" width=\"375\" height=\"281\" \/>de una u otra forma \u00abya participamos en la administraci\u00f3n p\u00fablica en los diferentes \u00e1mbitos municipales y estales debemos aportar nuestro conocimiento y experiencia para que Acapulco y Guerrero salgan adelante\u00bb.<\/p>\n<p style=\"text-align: justify;\">Para finalizar, Bernal Res\u00e9ndiz suscribi\u00f3 que \u00abla saliente administraci\u00f3n fue p\u00e9sima, fue un caos y, desgraciadamente, as\u00ed dej\u00f3 todo Acapulco: convertido en un caos\u00bb; por tal motivo, exhort\u00f3 a todos los sectores sociales del puerto a que \u00abconfiemos que Abelina L\u00f3pez sabr\u00e1 instrumentar buenas pol\u00edticas todos los sectores: el empresarial y el social\u00bb, porque la alcaldesa electa es \u00abgente de trabajo, gente de campo\u00bb, por ende, \u00abva a entender a todos los sectores de Acapulco\u00bb, concluy\u00f3.<br \/>\n<strong>www.acapulco.press<\/strong><\/p>\n","protected":false},"excerpt":{"rendered":"<p>\u00bb \u00c1ngel Blanco. ACAPULCO. * 14 de septiembre de 2021. ) Acapulco Press. A nombre de los sectores sociales y empresariales que representa, a trav\u00e9s de la\u00a0 organizaci\u00f3n civil Regeneraci\u00f3n y Compromiso, el empresario y dirigente pol\u00edtico Julio C\u00e9sar Bernal Res\u00e9ndiz convoc\u00f3 a los acapulque\u00f1os a cerrar filas para respaldar la nueva administraci\u00f3n que encabezar\u00e1&#8230;<\/p>\n","protected":false},"author":2,"featured_media":1232247,"comment_status":"closed","ping_status":"closed","sticky":false,"template":"","format":"standard","meta":{"footnotes":""},"categories":[1972,1981,18561],"tags":[3077,9279,11324],"class_list":["post-1232243","post","type-post","status-publish","format-standard","has-post-thumbnail","hentry","category-special","category-acapulco","category-society-politics","tag-abelina-lopez-rodriguez","tag-gobierno-de-acapulco","tag-julio-cesar-bernal-resendiz"],"_links":{"self":[{"href":"https:\/\/www.acapulcopress.com\/index.php\/wp-json\/wp\/v2\/posts\/1232243","targetHints":{"allow":["GET"]}}],"collection":[{"href":"https:\/\/www.acapulcopress.com\/index.php\/wp-json\/wp\/v2\/posts"}],"about":[{"href":"https:\/\/www.acapulcopress.com\/index.php\/wp-json\/wp\/v2\/types\/post"}],"author":[{"embeddable":true,"href":"https:\/\/www.acapulcopress.com\/index.php\/wp-json\/wp\/v2\/users\/2"}],"replies":[{"embeddable":true,"href":"https:\/\/www.acapulcopress.com\/index.php\/wp-json\/wp\/v2\/comments?post=1232243"}],"version-history":[{"count":0,"href":"https:\/\/www.acapulcopress.com\/index.php\/wp-json\/wp\/v2\/posts\/1232243\/revisions"}],"wp:featuredmedia":[{"embeddable":true,"href":"https:\/\/www.acapulcopress.com\/index.php\/wp-json\/"}],"wp:attachment":[{"href":"https:\/\/www.acapulcopress.com\/index.php\/wp-json\/wp\/v2\/media?parent=1232243"}],"wp:term":[{"taxonomy":"category","embeddable":true,"href":"https:\/\/www.acapulcopress.com\/index.php\/wp-json\/wp\/v2\/categories?post=1232243"},{"taxonomy":"post_tag","embeddable":true,"href":"https:\/\/www.acapulcopress.com\/index.php\/wp-json\/wp\/v2\/tags?post=1232243"}],"curies":[{"name":"wp","href":"https:\/\/api.w.org\/{rel}","templated":true}]}}