{"id":1232262,"date":"2021-09-14T19:54:13","date_gmt":"2021-09-15T00:54:13","guid":{"rendered":"https:\/\/www.acapulco.press\/?p=1232262"},"modified":"2021-09-14T19:54:13","modified_gmt":"2021-09-15T00:54:13","slug":"fge-vincula-a-proceso-a-una-tratante-y-a-un-abusador-de-menores","status":"publish","type":"post","link":"https:\/\/www.acapulcopress.com\/index.php\/2021\/09\/14\/fge-vincula-a-proceso-a-una-tratante-y-a-un-abusador-de-menores\/","title":{"rendered":"FGE vincula a proceso a una tratante y a un abusador de menores"},"content":{"rendered":"<p style=\"text-align: justify;\">CIUDAD DE M\u00c9XICO. * 14 de septiembre de 2021.<br \/>\n<em>) <a href=\"https:\/\/fiscaliaguerrero.gob.mx\" target=\"_blank\" rel=\"noopener\">https:\/\/fiscaliaguerrero.gob.mx<\/a>.<\/em><\/p>\n<p style=\"text-align: justify;\">El Ministerio P\u00fablico en Acapulco obtuvo vinculaci\u00f3n a proceso en contra de Ana Rosa \u00abN\u00bb, como probable responsable del delito de trata de personas en su modalidad de prostituci\u00f3n en agravio de menor de edad.<\/p>\n<p style=\"text-align: justify;\">A la imputada se le acusa de cobrar una cantidad de dinero para cometer el delito en agravio de la menor desde hace dos meses, siendo obligada mediante la fuerza f\u00edsica y moral.<\/p>\n<p style=\"text-align: justify;\">El d\u00eda 13 de septiembre se realiz\u00f3 la audiencia inicial, el Ministerio P\u00fablico aport\u00f3 los datos de prueba y el Juez de Control dict\u00f3 vinculaci\u00f3n a proceso, quedando interna en el Centro de Reinserci\u00f3n Social de Acapulco, bajo la medida cautelar de prisi\u00f3n preventiva oficiosa, otorg\u00e1ndose tres meses de investigaci\u00f3n complementaria.<\/p>\n<p style=\"text-align: justify;\">La Fiscal\u00eda General del Estado continuar\u00e1 investigando los delitos del fuero com\u00fan y con especial seguimiento los cometidos en temas de igualdad de g\u00e9nero y menores de edad en el estado de Guerrero.<\/p>\n<p style=\"text-align: justify;\">\n<strong>EN LA MONTA\u00d1A, ABUSADOR DE MENORES A PROCESO<\/strong><\/p>\n<p><img loading=\"lazy\" decoding=\"async\" class=\"alignleft size-medium wp-image-1232263\" src=\"https:\/\/www.acapulco.press\/wp-content\/uploads\/2021\/09\/fge-ana-rosa-375x375.jpg\" alt=\"\" width=\"375\" height=\"375\" \/>En audiencia inicial el Ministerio P\u00fablico obtuvo vinculaci\u00f3n a proceso en contra de Sotero \u00abN\u00bb como probable responsable del delito de abuso sexual de personas menores de edad.<\/p>\n<p style=\"text-align: justify;\">El imputado es se\u00f1alado de hacer tocamientos inapropiados a la menor cuando lleg\u00f3 a comprar a su establecimiento (tienda) y se retir\u00f3 asustada, hechos el pasado 23 de junio de 202 en la carpeta judicial C- 253\/2021.<\/p>\n<p style=\"text-align: justify;\">En audiencia inicial el Ministerio P\u00fablico aport\u00f3 los datos de prueba y el Juez de Control concedi\u00f3 vinculaci\u00f3n a proceso contra el imputado, otorgando tres meses de investigaci\u00f3n complementaria y qued\u00f3 interno bajo la medida cautelar de prisi\u00f3n preventiva justificada.<\/p>\n<p style=\"text-align: justify;\">La Fiscal\u00eda General del Estado continuar\u00e1 investigando los delitos del fuero com\u00fan y con especial seguimiento los cometidos en temas de igualdad de g\u00e9nero y menores de edad en el estado de Guerrero.<\/p>\n","protected":false},"excerpt":{"rendered":"<p>CIUDAD DE M\u00c9XICO. * 14 de septiembre de 2021. ) https:\/\/fiscaliaguerrero.gob.mx. El Ministerio P\u00fablico en Acapulco obtuvo vinculaci\u00f3n a proceso en contra de Ana Rosa \u00abN\u00bb, como probable responsable del delito de trata de personas en su modalidad de prostituci\u00f3n en agravio de menor de edad. A la imputada se le acusa de cobrar una&#8230;<\/p>\n","protected":false},"author":2,"featured_media":1232263,"comment_status":"closed","ping_status":"closed","sticky":false,"template":"","format":"standard","meta":{"footnotes":""},"categories":[1969,2005],"tags":[8703,10946,14737],"class_list":["post-1232262","post","type-post","status-publish","format-standard","has-post-thumbnail","hentry","category-trending","category-seguridad-y-justicia","tag-fiscalia-general-del-estado-de-guerrero-fge","tag-jorge-zuriel-de-los-santos-barrila","tag-policia-ministerial-de-guerrero"],"_links":{"self":[{"href":"https:\/\/www.acapulcopress.com\/index.php\/wp-json\/wp\/v2\/posts\/1232262","targetHints":{"allow":["GET"]}}],"collection":[{"href":"https:\/\/www.acapulcopress.com\/index.php\/wp-json\/wp\/v2\/posts"}],"about":[{"href":"https:\/\/www.acapulcopress.com\/index.php\/wp-json\/wp\/v2\/types\/post"}],"author":[{"embeddable":true,"href":"https:\/\/www.acapulcopress.com\/index.php\/wp-json\/wp\/v2\/users\/2"}],"replies":[{"embeddable":true,"href":"https:\/\/www.acapulcopress.com\/index.php\/wp-json\/wp\/v2\/comments?post=1232262"}],"version-history":[{"count":0,"href":"https:\/\/www.acapulcopress.com\/index.php\/wp-json\/wp\/v2\/posts\/1232262\/revisions"}],"wp:featuredmedia":[{"embeddable":true,"href":"https:\/\/www.acapulcopress.com\/index.php\/wp-json\/"}],"wp:attachment":[{"href":"https:\/\/www.acapulcopress.com\/index.php\/wp-json\/wp\/v2\/media?parent=1232262"}],"wp:term":[{"taxonomy":"category","embeddable":true,"href":"https:\/\/www.acapulcopress.com\/index.php\/wp-json\/wp\/v2\/categories?post=1232262"},{"taxonomy":"post_tag","embeddable":true,"href":"https:\/\/www.acapulcopress.com\/index.php\/wp-json\/wp\/v2\/tags?post=1232262"}],"curies":[{"name":"wp","href":"https:\/\/api.w.org\/{rel}","templated":true}]}}