{"id":1232278,"date":"2021-09-14T20:54:25","date_gmt":"2021-09-15T01:54:25","guid":{"rendered":"https:\/\/www.acapulco.press\/?p=1232278"},"modified":"2021-09-14T20:54:25","modified_gmt":"2021-09-15T01:54:25","slug":"quedo-instalado-comite-de-evaluacion-de-danos-ced-por-el-sismo-del-7-de-septiembre","status":"publish","type":"post","link":"https:\/\/www.acapulcopress.com\/index.php\/2021\/09\/14\/quedo-instalado-comite-de-evaluacion-de-danos-ced-por-el-sismo-del-7-de-septiembre\/","title":{"rendered":"Qued\u00f3 instalado Comit\u00e9 de Evaluaci\u00f3n de Da\u00f1os (CED) por el sismo del 7 de septiembre"},"content":{"rendered":"<p style=\"text-align: justify;\"><img loading=\"lazy\" decoding=\"async\" class=\"alignnone wp-image-1232281 size-large\" src=\"https:\/\/www.acapulco.press\/wp-content\/uploads\/2021\/09\/CONSEJO-SISMO3-840x560.jpg\" alt=\"\" width=\"840\" height=\"560\" \/><\/p>\n<p style=\"text-align: justify;\">CHILPANCINGO. * 14 de septiembre de 2021.<br \/>\n<em>) Acapulco Press.<\/em><\/p>\n<p style=\"text-align: justify;\"><img loading=\"lazy\" decoding=\"async\" class=\"alignleft size-medium wp-image-1232279\" src=\"https:\/\/www.acapulco.press\/wp-content\/uploads\/2021\/09\/CONSEJO-SISMO-375x250.jpg\" alt=\"\" width=\"375\" height=\"250\" \/>Este d\u00eda qued\u00f3 instalado el Comit\u00e9 de Evaluaci\u00f3n de Da\u00f1os (CED) ocasionados por el terremoto de magnitud 7.1 grados ocurrido la noche del 7 de septiembre, inform\u00f3 el gobernador H\u00e9ctor Astudillo Flores.<\/p>\n<p style=\"text-align: justify;\">El CED revisar\u00e1 las afectaciones en 16 municipios del estado de Guerrero.<\/p>\n<p style=\"text-align: justify;\">Por parte del Gobierno del Estado de Guerrero fue designado al secretario de Obras P\u00fablicas, Cosovi Isaac Ocampo Guzm\u00e1n, como secretario t\u00e9cnico del CED para dar seguimiento a las afectaciones en 16 municipios del Estado.<\/p>\n<p style=\"text-align: justify;\">Con la votaci\u00f3n de representantes de dependencias federales y estatales, Astudillo Flores anunci\u00f3 que se aprob\u00f3 la entrega de datos arrojados por censo con fecha formal el 20 de octubre de 2021. En dicho censo se contabilizar\u00e1 a las personas damnificadas para poder canalizar el apoyo de manera adecuada, suscribi\u00f3 el mandatario estatal.<\/p>\n<div style=\"width: 640px;\" class=\"wp-video\"><video class=\"wp-video-shortcode\" id=\"video-1232278-1\" width=\"640\" height=\"360\" preload=\"metadata\" controls=\"controls\"><source type=\"video\/mp4\" src=\"https:\/\/www.acapulco.press\/wp-content\/uploads\/2021\/09\/CEDFRO.mp4?_=1\" \/><a href=\"https:\/\/www.acapulco.press\/wp-content\/uploads\/2021\/09\/CEDFRO.mp4\">https:\/\/www.acapulco.press\/wp-content\/uploads\/2021\/09\/CEDFRO.mp4<\/a><\/video><\/div>\n","protected":false},"excerpt":{"rendered":"<p>CHILPANCINGO. * 14 de septiembre de 2021. ) Acapulco Press. Este d\u00eda qued\u00f3 instalado el Comit\u00e9 de Evaluaci\u00f3n de Da\u00f1os (CED) ocasionados por el terremoto de magnitud 7.1 grados ocurrido la noche del 7 de septiembre, inform\u00f3 el gobernador H\u00e9ctor Astudillo Flores. El CED revisar\u00e1 las afectaciones en 16 municipios del estado de Guerrero. Por&#8230;<\/p>\n","protected":false},"author":2,"featured_media":1232282,"comment_status":"closed","ping_status":"closed","sticky":false,"template":"","format":"standard","meta":{"footnotes":""},"categories":[1969,1972,1998],"tags":[6219,6681,9705],"class_list":["post-1232278","post","type-post","status-publish","format-standard","has-post-thumbnail","hentry","category-trending","category-special","category-proteccion-ciudadana","tag-comite-de-evaluacion-de-danos-ced","tag-cosovi-isaac-ocampo-guzman","tag-hector-astudillo-flores"],"_links":{"self":[{"href":"https:\/\/www.acapulcopress.com\/index.php\/wp-json\/wp\/v2\/posts\/1232278","targetHints":{"allow":["GET"]}}],"collection":[{"href":"https:\/\/www.acapulcopress.com\/index.php\/wp-json\/wp\/v2\/posts"}],"about":[{"href":"https:\/\/www.acapulcopress.com\/index.php\/wp-json\/wp\/v2\/types\/post"}],"author":[{"embeddable":true,"href":"https:\/\/www.acapulcopress.com\/index.php\/wp-json\/wp\/v2\/users\/2"}],"replies":[{"embeddable":true,"href":"https:\/\/www.acapulcopress.com\/index.php\/wp-json\/wp\/v2\/comments?post=1232278"}],"version-history":[{"count":0,"href":"https:\/\/www.acapulcopress.com\/index.php\/wp-json\/wp\/v2\/posts\/1232278\/revisions"}],"wp:featuredmedia":[{"embeddable":true,"href":"https:\/\/www.acapulcopress.com\/index.php\/wp-json\/"}],"wp:attachment":[{"href":"https:\/\/www.acapulcopress.com\/index.php\/wp-json\/wp\/v2\/media?parent=1232278"}],"wp:term":[{"taxonomy":"category","embeddable":true,"href":"https:\/\/www.acapulcopress.com\/index.php\/wp-json\/wp\/v2\/categories?post=1232278"},{"taxonomy":"post_tag","embeddable":true,"href":"https:\/\/www.acapulcopress.com\/index.php\/wp-json\/wp\/v2\/tags?post=1232278"}],"curies":[{"name":"wp","href":"https:\/\/api.w.org\/{rel}","templated":true}]}}