{"id":1232289,"date":"2021-09-14T21:27:58","date_gmt":"2021-09-15T02:27:58","guid":{"rendered":"https:\/\/www.acapulco.press\/?p=1232289"},"modified":"2021-09-14T21:27:58","modified_gmt":"2021-09-15T02:27:58","slug":"concluyo-con-exito-curso-de-morena-para-ediles-de-guerrero","status":"publish","type":"post","link":"https:\/\/www.acapulcopress.com\/index.php\/2021\/09\/14\/concluyo-con-exito-curso-de-morena-para-ediles-de-guerrero\/","title":{"rendered":"Concluy\u00f3 con \u00e9xito curso de Morena para ediles de Guerrero"},"content":{"rendered":"<p><strong>* Los cursos son indispensables para cohesionar a los ediles en torno a los, principios de la Cuarta Transformaci\u00f3n, reconoce la alcaldesa electa de Acapulco, Abelina L\u00f3pez Rodr\u00edguez.<\/strong><\/p>\n<p>CIUDAD DE M\u00c9XICO. * 14 de septiembre de 2021.<br \/>\n) Comunicado.<\/p>\n<p style=\"text-align: justify;\">El dirigente de Morena en Guerrero, Marcial Rodr\u00edguez Salda\u00f1a, inform\u00f3 que termin\u00f3 con gran \u00e9xito el Curso de Capacitaci\u00f3n impartido por el Instituto Nacional de Formaci\u00f3n Pol\u00edtica para ediles electos de Morena en Acapulco, Costa Chica y Grande.<\/p>\n<p style=\"text-align: justify;\">La presidencia municipal electa de Acapulco, Abelina L\u00f3pez Rodr\u00edguez, expres\u00f3 que estos cursos son indispensables para cohesionar a los ediles en torno a los, principios de la Cuarta Transformaci\u00f3n.<\/p>\n","protected":false},"excerpt":{"rendered":"<p>* Los cursos son indispensables para cohesionar a los ediles en torno a los, principios de la Cuarta Transformaci\u00f3n, reconoce la alcaldesa electa de Acapulco, Abelina L\u00f3pez Rodr\u00edguez. CIUDAD DE M\u00c9XICO. * 14 de septiembre de 2021. ) Comunicado. El dirigente de Morena en Guerrero, Marcial Rodr\u00edguez Salda\u00f1a, inform\u00f3 que termin\u00f3 con gran \u00e9xito el&#8230;<\/p>\n","protected":false},"author":2,"featured_media":1232290,"comment_status":"closed","ping_status":"closed","sticky":false,"template":"","format":"standard","meta":{"footnotes":""},"categories":[18561,2009],"tags":[3077,10310,12457],"class_list":["post-1232289","post","type-post","status-publish","format-standard","has-post-thumbnail","hentry","category-society-politics","category-politics","tag-abelina-lopez-rodriguez","tag-instituto-nacional-de-formacion-politica-de-morena","tag-marcial-rodriguez-saldana"],"_links":{"self":[{"href":"https:\/\/www.acapulcopress.com\/index.php\/wp-json\/wp\/v2\/posts\/1232289","targetHints":{"allow":["GET"]}}],"collection":[{"href":"https:\/\/www.acapulcopress.com\/index.php\/wp-json\/wp\/v2\/posts"}],"about":[{"href":"https:\/\/www.acapulcopress.com\/index.php\/wp-json\/wp\/v2\/types\/post"}],"author":[{"embeddable":true,"href":"https:\/\/www.acapulcopress.com\/index.php\/wp-json\/wp\/v2\/users\/2"}],"replies":[{"embeddable":true,"href":"https:\/\/www.acapulcopress.com\/index.php\/wp-json\/wp\/v2\/comments?post=1232289"}],"version-history":[{"count":0,"href":"https:\/\/www.acapulcopress.com\/index.php\/wp-json\/wp\/v2\/posts\/1232289\/revisions"}],"wp:featuredmedia":[{"embeddable":true,"href":"https:\/\/www.acapulcopress.com\/index.php\/wp-json\/"}],"wp:attachment":[{"href":"https:\/\/www.acapulcopress.com\/index.php\/wp-json\/wp\/v2\/media?parent=1232289"}],"wp:term":[{"taxonomy":"category","embeddable":true,"href":"https:\/\/www.acapulcopress.com\/index.php\/wp-json\/wp\/v2\/categories?post=1232289"},{"taxonomy":"post_tag","embeddable":true,"href":"https:\/\/www.acapulcopress.com\/index.php\/wp-json\/wp\/v2\/tags?post=1232289"}],"curies":[{"name":"wp","href":"https:\/\/api.w.org\/{rel}","templated":true}]}}