{"id":1232302,"date":"2021-09-18T10:48:31","date_gmt":"2021-09-18T15:48:31","guid":{"rendered":"https:\/\/www.acapulco.press\/?p=1232302"},"modified":"2021-09-18T10:48:31","modified_gmt":"2021-09-18T15:48:31","slug":"fge-obtiene-prision-preventiva-contra-dos-homicida-y-un-extorsionador","status":"publish","type":"post","link":"https:\/\/www.acapulcopress.com\/index.php\/2021\/09\/18\/fge-obtiene-prision-preventiva-contra-dos-homicida-y-un-extorsionador\/","title":{"rendered":"FGE obtiene prisi\u00f3n preventiva contra dos homicida y un extorsionador"},"content":{"rendered":"<p style=\"text-align: justify;\">CHILPANCINGO. * 18 de septiembre de 2021.<br \/>\n<em>) <a href=\"https:\/\/fiscaliaguerrero.gob.mx\" target=\"_blank\" rel=\"noopener\">https:\/\/fiscaliaguerrero.gob.mx<\/a>.<\/em><\/p>\n<p style=\"text-align: justify;\">El Ministerio P\u00fablico en Acapulco logr\u00f3 prisi\u00f3n preventiva en contra de Itzel \u00abN\u00bb (madre del menor) y Luis Armando \u00abN\u00bb, como probables responsables del delito de homicidio calificado y homicidio en raz\u00f3n de parentesco en agravio de menor de cuatro a\u00f1os de edad.<\/p>\n<p style=\"text-align: justify;\">La Polic\u00eda Investigadora Ministerial acudi\u00f3 a la colonia Miguel de la Madrid, encontrando al menor sin vida y con visibles lesiones, por lo que su cuerpo se traslad\u00f3 al Servicio M\u00e9dico Forense para la necropsia de ley, y como resultado fue traumatismo craneoencef\u00e1lico severo, presentando tambi\u00e9n cicatrices producidas por objeto contundente en diferentes partes del cuerpo y equimosis.<\/p>\n<p style=\"text-align: justify;\">En audiencia inicial el Ministerio P\u00fablico aport\u00f3 los datos de prueba y el Juez de Control y Enjuiciamiento penal dict\u00f3 prisi\u00f3n preventiva oficiosa en contra de los imputados por los hechos en la carpeta judicialC-551\/2021, quienes permanecer\u00e1n internos en el Centro de Reinserci\u00f3n Social de Acapulco, en espera de la siguiente audiencia.<\/p>\n<p style=\"text-align: justify;\">PRISI\u00d3N PREVENTIVA A EXTORSIONADOR\u00a0 DE ACAPULCO<\/p>\n<p style=\"text-align: justify;\"><img loading=\"lazy\" decoding=\"async\" class=\"alignleft size-medium wp-image-1232304\" src=\"https:\/\/www.acapulco.press\/wp-content\/uploads\/2021\/09\/fge-javier-375x363.jpg\" alt=\"\" width=\"375\" height=\"363\" \/>El Ministerio P\u00fablico obtuvo en Acapulco prisi\u00f3n preventiva en contra de Javier \u00abN\u00bb como probable responsable del delito de extorsi\u00f3n agravada.<\/p>\n<p style=\"text-align: justify;\">El imputado se encuentra relacionado con hechos que forman parte de la carpeta judicial C-553\/2021, cuando el d\u00eda 20 de mayo de 2021 se present\u00f3 con otra persona del sexo masculino a un establecimiento (tortiller\u00eda) para exigir una cantidad de dinero por dejarlos trabajar y no provocar da\u00f1o alguno.<\/p>\n<p style=\"text-align: justify;\">Mediante operativo implementado por elementos de la Fiscal\u00eda Especializada Contra el Secuestro, fue detenido en flagrancia Javier \u00abN\u00bb, junto con un arma de fuego y dinero en efectivo quedando a disposici\u00f3n del Juez de Control, quien dict\u00f3 prisi\u00f3n preventiva oficiosa, quedando interno en el Centro de Reinserci\u00f3n Social de Acapulco en espera de la siguiente audiencia.<\/p>\n","protected":false},"excerpt":{"rendered":"<p>CHILPANCINGO. * 18 de septiembre de 2021. ) https:\/\/fiscaliaguerrero.gob.mx. El Ministerio P\u00fablico en Acapulco logr\u00f3 prisi\u00f3n preventiva en contra de Itzel \u00abN\u00bb (madre del menor) y Luis Armando \u00abN\u00bb, como probables responsables del delito de homicidio calificado y homicidio en raz\u00f3n de parentesco en agravio de menor de cuatro a\u00f1os de edad. La Polic\u00eda Investigadora&#8230;<\/p>\n","protected":false},"author":2,"featured_media":0,"comment_status":"closed","ping_status":"closed","sticky":false,"template":"","format":"standard","meta":{"footnotes":""},"categories":[1969,2005],"tags":[8703,10946,14737],"class_list":["post-1232302","post","type-post","status-publish","format-standard","hentry","category-trending","category-seguridad-y-justicia","tag-fiscalia-general-del-estado-de-guerrero-fge","tag-jorge-zuriel-de-los-santos-barrila","tag-policia-ministerial-de-guerrero"],"_links":{"self":[{"href":"https:\/\/www.acapulcopress.com\/index.php\/wp-json\/wp\/v2\/posts\/1232302","targetHints":{"allow":["GET"]}}],"collection":[{"href":"https:\/\/www.acapulcopress.com\/index.php\/wp-json\/wp\/v2\/posts"}],"about":[{"href":"https:\/\/www.acapulcopress.com\/index.php\/wp-json\/wp\/v2\/types\/post"}],"author":[{"embeddable":true,"href":"https:\/\/www.acapulcopress.com\/index.php\/wp-json\/wp\/v2\/users\/2"}],"replies":[{"embeddable":true,"href":"https:\/\/www.acapulcopress.com\/index.php\/wp-json\/wp\/v2\/comments?post=1232302"}],"version-history":[{"count":0,"href":"https:\/\/www.acapulcopress.com\/index.php\/wp-json\/wp\/v2\/posts\/1232302\/revisions"}],"wp:attachment":[{"href":"https:\/\/www.acapulcopress.com\/index.php\/wp-json\/wp\/v2\/media?parent=1232302"}],"wp:term":[{"taxonomy":"category","embeddable":true,"href":"https:\/\/www.acapulcopress.com\/index.php\/wp-json\/wp\/v2\/categories?post=1232302"},{"taxonomy":"post_tag","embeddable":true,"href":"https:\/\/www.acapulcopress.com\/index.php\/wp-json\/wp\/v2\/tags?post=1232302"}],"curies":[{"name":"wp","href":"https:\/\/api.w.org\/{rel}","templated":true}]}}