{"id":1232320,"date":"2021-09-20T20:24:42","date_gmt":"2021-09-21T01:24:42","guid":{"rendered":"https:\/\/www.acapulco.press\/?p=1232320"},"modified":"2021-09-20T20:24:42","modified_gmt":"2021-09-21T01:24:42","slug":"dan-prision-preventiva-a-extorsionador-de-acapulco","status":"publish","type":"post","link":"https:\/\/www.acapulcopress.com\/index.php\/2021\/09\/20\/dan-prision-preventiva-a-extorsionador-de-acapulco\/","title":{"rendered":"Dan prisi\u00f3n preventiva a extorsionador de Acapulco"},"content":{"rendered":"<p style=\"text-align: justify;\">CHILPANCINGO. * 20 de septiembre de 2021.<br \/>\n<em>) <a href=\"https:\/\/fiscaliaguerrero.gob.mx\" target=\"_blank\" rel=\"noopener\">https:\/\/fiscaliaguerrero.gob.mx<\/a>.<\/em><\/p>\n<p style=\"text-align: justify;\">El Ministerio P\u00fablico obtuvo en Acapulco prisi\u00f3n preventiva en contra de Kevin David \u00abN\u00bb, detenido en flagrancia como probable responsable del delito de extorsi\u00f3n agravada a negocio.<\/p>\n<p style=\"text-align: justify;\">Los hechos en la carpeta judicial C- 554\/2021 se\u00f1alan que el imputado exigi\u00f3 desde 2019 el pago de una cantidad a la v\u00edctima para dejarlo trabajar y no ocasionar da\u00f1o a su integridad.<\/p>\n<p style=\"text-align: justify;\">Siendo el d\u00eda 15 de septiembre de 2019, agentes de la Fiscal\u00eda Especializada Contra el Secuestro detuvieron en flagrante delito a Kevin David \u00abN\u00bb, en el momento que acudi\u00f3 a cobrar el dinero producto de la extorsi\u00f3n.<\/p>\n<p style=\"text-align: justify;\">En audiencia inicial el Ministerio P\u00fablico aport\u00f3 los datos de prueba obteniendo del Juez de Control y Enjuiciamiento penal prisi\u00f3n preventiva en contra del imputado quien permanecer\u00e1 interno en el Centro de Reinserci\u00f3n Social de Acapulco, en espera de la siguiente audiencia.<\/p>\n<p style=\"text-align: justify;\"><strong>CAPTURAN A PROBABLE RESPONSABLE DE LESIONES\u00a0<\/strong><\/p>\n<p>Fiscal\u00eda de Guerrero a trav\u00e9s de la Polic\u00eda Investigadora Ministerial Zona Norte, dio cumplimiento a la orden de aprehensi\u00f3n en contra de quien dijo llamarse Antonio \u00abN\u00bb, detenido como probable responsable del delito de lesiones en agravio de Gerardo \u00abN\u00bb, quedando a disposici\u00f3n del Juez Segundo de Primera Instancia Penal del Distrito Judicial de Alarc\u00f3n.<\/p>\n<p><img loading=\"lazy\" decoding=\"async\" class=\"alignnone wp-image-1232321 \" src=\"https:\/\/www.acapulco.press\/wp-content\/uploads\/2021\/09\/fge-antonio.jpg\" alt=\"\" width=\"805\" height=\"805\" \/><\/p>\n","protected":false},"excerpt":{"rendered":"<p>CHILPANCINGO. * 20 de septiembre de 2021. ) https:\/\/fiscaliaguerrero.gob.mx. El Ministerio P\u00fablico obtuvo en Acapulco prisi\u00f3n preventiva en contra de Kevin David \u00abN\u00bb, detenido en flagrancia como probable responsable del delito de extorsi\u00f3n agravada a negocio. Los hechos en la carpeta judicial C- 554\/2021 se\u00f1alan que el imputado exigi\u00f3 desde 2019 el pago de una&#8230;<\/p>\n","protected":false},"author":2,"featured_media":1232322,"comment_status":"closed","ping_status":"closed","sticky":false,"template":"","format":"standard","meta":{"footnotes":""},"categories":[1969,2005],"tags":[8703,10946,14737],"class_list":["post-1232320","post","type-post","status-publish","format-standard","has-post-thumbnail","hentry","category-trending","category-seguridad-y-justicia","tag-fiscalia-general-del-estado-de-guerrero-fge","tag-jorge-zuriel-de-los-santos-barrila","tag-policia-ministerial-de-guerrero"],"_links":{"self":[{"href":"https:\/\/www.acapulcopress.com\/index.php\/wp-json\/wp\/v2\/posts\/1232320","targetHints":{"allow":["GET"]}}],"collection":[{"href":"https:\/\/www.acapulcopress.com\/index.php\/wp-json\/wp\/v2\/posts"}],"about":[{"href":"https:\/\/www.acapulcopress.com\/index.php\/wp-json\/wp\/v2\/types\/post"}],"author":[{"embeddable":true,"href":"https:\/\/www.acapulcopress.com\/index.php\/wp-json\/wp\/v2\/users\/2"}],"replies":[{"embeddable":true,"href":"https:\/\/www.acapulcopress.com\/index.php\/wp-json\/wp\/v2\/comments?post=1232320"}],"version-history":[{"count":0,"href":"https:\/\/www.acapulcopress.com\/index.php\/wp-json\/wp\/v2\/posts\/1232320\/revisions"}],"wp:featuredmedia":[{"embeddable":true,"href":"https:\/\/www.acapulcopress.com\/index.php\/wp-json\/"}],"wp:attachment":[{"href":"https:\/\/www.acapulcopress.com\/index.php\/wp-json\/wp\/v2\/media?parent=1232320"}],"wp:term":[{"taxonomy":"category","embeddable":true,"href":"https:\/\/www.acapulcopress.com\/index.php\/wp-json\/wp\/v2\/categories?post=1232320"},{"taxonomy":"post_tag","embeddable":true,"href":"https:\/\/www.acapulcopress.com\/index.php\/wp-json\/wp\/v2\/tags?post=1232320"}],"curies":[{"name":"wp","href":"https:\/\/api.w.org\/{rel}","templated":true}]}}