{"id":1232329,"date":"2021-09-21T17:40:46","date_gmt":"2021-09-21T22:40:46","guid":{"rendered":"https:\/\/www.acapulco.press\/?p=1232329"},"modified":"2021-09-21T17:40:46","modified_gmt":"2021-09-21T22:40:46","slug":"no-necesitamos-prolongar-la-vida-sino-la-calidad-de-vida-michael-hall","status":"publish","type":"post","link":"https:\/\/www.acapulcopress.com\/index.php\/2021\/09\/21\/no-necesitamos-prolongar-la-vida-sino-la-calidad-de-vida-michael-hall\/","title":{"rendered":"No necesitamos prolongar la vida, sino la calidad de vida | Michael Hall"},"content":{"rendered":"<p style=\"text-align: justify;\">BILBAO, Espa\u00f1a. * 21 de septiembre de 2021.<br \/>\n<em>) <a href=\"https:\/\/www.efe.com\/efe\/espana\/efefuturo\/michael-hall-no-necesitamos-prolongar-la-vida-sino-calidad-de\/50000905-4634486\" target=\"_blank\" rel=\"noopener\">Efe<\/a>.<\/em><\/p>\n<p style=\"text-align: justify;\">El bioqu\u00edmico estadounidense Michael Hall, que se encuentra en Espa\u00f1a para recibir un destacado premio de investigaci\u00f3n, ha considerado que no se necesita una \u00abprolongaci\u00f3n de la vida\u00bb de las personas, sino de la \u00abcalidad de vida\u00bb<\/p>\n<p style=\"text-align: justify;\">Hall, cuyas investigaciones est\u00e1n parcialmente relacionadas con el envejecimiento, recibe este martes uno de los premios Fronteras del Conocimiento de la Fundaci\u00f3n BBVA, de las principales entidades bancarias espa\u00f1olas.<\/p>\n<p style=\"text-align: justify;\">Michael Hall y el tambi\u00e9n investigador estadounidense David Sabatini han sido distinguidos con el Premio Fundaci\u00f3n BBVA Fronteras del Conocimiento en la categor\u00eda de Biolog\u00eda y Biomedicina por descubrir el mecanismo molecular que regula el crecimiento de las c\u00e9lulas y juega un papel central en la fisiolog\u00eda del organismo, el metabolismo, el c\u00e1ncer y el envejecimiento.<\/p>\n<p style=\"text-align: justify;\">El trabajo de ambos galardonados puede considerarse complementario. Hall descubri\u00f3 la prote\u00edna (TOR) que regula el crecimiento en c\u00e9lulas de levadura en 1991, y Sabatini la aisl\u00f3 en mam\u00edferos en 1994, y la denomin\u00f3 <em>mTOR.<br \/>\n<\/em><br \/>\nMichael N. Hall (San Juan, Puerto Rico, Estados Unidos, 1953), catedr\u00e1tico de Bioqu\u00edmica desde 1992 en el Biozentrum de la Universidad de Basilea, en Suiza, explica de forma sencilla que la v\u00eda molecular <em>mTOR<\/em> \u00abse activa cuando comemos\u00bb, para regular el crecimiento celular, y \u00abse apaga cuando terminamos de comer\u00bb.<\/p>\n<p style=\"text-align: justify;\">Las disfunciones de mTOR derivan en diversas enfermedades, y los investigadores descubrieron que el f\u00e1rmaco rapamicina es eficaz para corregir el mal funcionamiento de esas prote\u00ednas y tratar enfermedades como el c\u00e1ncer o la diabetes.<\/p>\n<p style=\"text-align: justify;\">En una entrevista con Efe, Hall ha explicado que, 30 a\u00f1os despu\u00e9s de haber iniciado las investigaciones sobre <em>mTOR,<\/em> ahora el trabajo est\u00e1 dirigido a intentar comprender mejor \u00abc\u00f3mo esta prote\u00edna se corrompe para causar enfermedades\u00bb.<\/p>\n<p style=\"text-align: justify;\">Ha detallado que la rapamicina se est\u00e1 utilizando en las cl\u00ednicas desde hace a\u00f1os para tratar diversos tipos de c\u00e1ncer, para suprimir el sistema inmunol\u00f3gico en pacientes que han recibido un trasplante de \u00f3rganos y en enfermedades cardiovasculares.<br \/>\nEl profesor Hall ha indicado que la rapamicina funciona bien como inmunodepresor y tiene uso cl\u00ednico desde hace casi 20 a\u00f1os, aunque ha precisado que contra el c\u00e1ncer -se comenz\u00f3 a emplear hace unos 10 a\u00f1os- se utiliza \u00abpero no es tan eficaz como cre\u00edamos que iba a ser\u00bb.<\/p>\n<p style=\"text-align: justify;\">\u00abEl problema -ha explicado- es que los medicamentos en general contra el c\u00e1ncer no funcionan muy bien. La raz\u00f3n es que el c\u00e1ncer es una enfermedad muy diferente de otras y el tumor logra hacerse resistente al medicamento y hay que cambiar el medicamento\u00bb.<\/p>\n<p style=\"text-align: justify;\">\u00abNo s\u00e9 si vamos a lograr curar muchos c\u00e1nceres, pero vamos a lograr encontrar tratamientos cr\u00f3nicos, para hacer una enfermedad cr\u00f3nica, pero quiz\u00e1s no curar\u00bb, ha a\u00f1adido el bioqu\u00edmico.<\/p>\n<p style=\"text-align: justify;\">Ha subrayado que \u00abcasi todas las grandes compa\u00f1\u00edas farmac\u00e9uticas tienen programas donde est\u00e1n investigando nuevos f\u00e1rmacos para el c\u00e1ncer con la v\u00eda TOR como blanco, como diana terap\u00e9utica\u00bb.<\/p>\n<p style=\"text-align: justify;\">Michael Hall ha indicado que la v\u00eda mTOR tambi\u00e9n est\u00e1 relacionada con el envejecimiento. En este caso se han hecho ensayos en levadura y en animales, pero no se han hecho con seres humanos.<\/p>\n<p style=\"text-align: justify;\">Sobre si una persona puede \u00abcuidar\u00bb de forma natural su sistema de prote\u00ednas TOR, el bioqu\u00edmico ha se\u00f1alado que se sabe que \u00abla restricci\u00f3n cal\u00f3rica prolonga la vida\u00bb y \u00abmucha gente come menos para prolongar la vida\u00bb.<\/p>\n<p style=\"text-align: justify;\">Cree que la restricci\u00f3n de calor\u00edas \u00abfunciona\u00bb, aunque no considera que \u00abdebemos pasar una semana entera son comer\u00bb, sino hacer un ayuno controlado, que \u00e9l mismo practica \u00abun poquito\u00bb. \u00abPor ejemplo, yo no desayuno\u00bb, ha confesado.<\/p>\n<p style=\"text-align: justify;\">Ha puntualizado que la rapamicina \u00abinhibe o apaga\u00bb las prote\u00ednas TOR, y que la restricci\u00f3n cal\u00f3rica \u00abtiene el mismo efecto\u00bb. \u00abLa rapamicina enga\u00f1a a la c\u00e9lula al creer que no hay alimento, y eso es lo mismo que la restricci\u00f3n cal\u00f3rica\u00bb. Hall, en todo caso, desaconseja que las personas tomen rapamicina para este fin.<\/p>\n<p style=\"text-align: justify;\">No obstante, Hall no cree que las personas necesiten una \u00abprolongaci\u00f3n de vida\u00bb, sino que \u00ablo que necesitamos es una prolongaci\u00f3n de la calidad de vida\u00bb.<\/p>\n<p style=\"text-align: justify;\">\u00abLo mejor seria que la muerte llegue digamos a los 85 a\u00f1os, pero que lleguemos a esta edad perfectamente sanos. Gastamos much\u00edsimo dinero en terapia o tratando las enfermedades asociadas al envejecimiento. Si pudi\u00e9ramos eliminar todo esto ser\u00eda un milagro\u00bb, ha agregado.<\/p>\n<p style=\"text-align: justify;\">Tres d\u00e9cadas despu\u00e9s de su descubrimiento, las investigaciones se dirigen ahora a \u00abentender c\u00f3mo se corrompe la v\u00eda TOR para causar estas enfermedades\u00bb.<\/p>\n","protected":false},"excerpt":{"rendered":"<p>BILBAO, Espa\u00f1a. * 21 de septiembre de 2021. ) Efe. El bioqu\u00edmico estadounidense Michael Hall, que se encuentra en Espa\u00f1a para recibir un destacado premio de investigaci\u00f3n, ha considerado que no se necesita una \u00abprolongaci\u00f3n de la vida\u00bb de las personas, sino de la \u00abcalidad de vida\u00bb Hall, cuyas investigaciones est\u00e1n parcialmente relacionadas con el&#8230;<\/p>\n","protected":false},"author":2,"featured_media":1232330,"comment_status":"closed","ping_status":"closed","sticky":false,"template":"","format":"standard","meta":{"footnotes":""},"categories":[18568,1972,1988],"tags":[13054,13373],"class_list":["post-1232329","post","type-post","status-publish","format-standard","has-post-thumbnail","hentry","category-ciencia-y-tecnologia","category-special","category-lifestyles","tag-michael-hall","tag-mtor"],"_links":{"self":[{"href":"https:\/\/www.acapulcopress.com\/index.php\/wp-json\/wp\/v2\/posts\/1232329","targetHints":{"allow":["GET"]}}],"collection":[{"href":"https:\/\/www.acapulcopress.com\/index.php\/wp-json\/wp\/v2\/posts"}],"about":[{"href":"https:\/\/www.acapulcopress.com\/index.php\/wp-json\/wp\/v2\/types\/post"}],"author":[{"embeddable":true,"href":"https:\/\/www.acapulcopress.com\/index.php\/wp-json\/wp\/v2\/users\/2"}],"replies":[{"embeddable":true,"href":"https:\/\/www.acapulcopress.com\/index.php\/wp-json\/wp\/v2\/comments?post=1232329"}],"version-history":[{"count":0,"href":"https:\/\/www.acapulcopress.com\/index.php\/wp-json\/wp\/v2\/posts\/1232329\/revisions"}],"wp:featuredmedia":[{"embeddable":true,"href":"https:\/\/www.acapulcopress.com\/index.php\/wp-json\/"}],"wp:attachment":[{"href":"https:\/\/www.acapulcopress.com\/index.php\/wp-json\/wp\/v2\/media?parent=1232329"}],"wp:term":[{"taxonomy":"category","embeddable":true,"href":"https:\/\/www.acapulcopress.com\/index.php\/wp-json\/wp\/v2\/categories?post=1232329"},{"taxonomy":"post_tag","embeddable":true,"href":"https:\/\/www.acapulcopress.com\/index.php\/wp-json\/wp\/v2\/tags?post=1232329"}],"curies":[{"name":"wp","href":"https:\/\/api.w.org\/{rel}","templated":true}]}}