{"id":1232346,"date":"2021-09-21T18:54:36","date_gmt":"2021-09-21T23:54:36","guid":{"rendered":"https:\/\/www.acapulco.press\/?p=1232346"},"modified":"2021-09-21T18:54:36","modified_gmt":"2021-09-21T23:54:36","slug":"semar-inauguro-primer-taller-interinstitucional-sobre-justicia-penal-en-acapulco","status":"publish","type":"post","link":"https:\/\/www.acapulcopress.com\/index.php\/2021\/09\/21\/semar-inauguro-primer-taller-interinstitucional-sobre-justicia-penal-en-acapulco\/","title":{"rendered":"Semar inaugur\u00f3 Primer Taller Interinstitucional sobre Justicia Penal en Acapulco"},"content":{"rendered":"<p style=\"text-align: justify;\">ACAPULCO. * 21 de septiembre de 2021.<br \/>\n<em>) Semar.<\/em><br \/>\n<img loading=\"lazy\" decoding=\"async\" class=\"alignleft size-medium wp-image-1232350\" src=\"https:\/\/www.acapulco.press\/wp-content\/uploads\/2021\/09\/marina-semar4-375x250.jpeg\" alt=\"\" width=\"375\" height=\"250\" \/>La Secretar\u00eda de Marina-Armada de M\u00e9xico informa que el d\u00eda de ayer se inaugur\u00f3 el Primer Taller Interinstitucional \u201cActualizaci\u00f3n sobre el Sistema de Justicia Penal\u201d en instalaciones de la Octava Regi\u00f3n Naval en el Puerto de Acapulco, Guerrero, contando con la participaci\u00f3n de representantes del Consejo de la Judicatura Federal, con personal naval adscrito a este Mando, a la D\u00e9cimo Zona Naval, con sede en L\u00e1zaro C\u00e1rdenas, Michoac\u00e1n; as\u00ed como al Sector Naval de Ixtapa.<\/p>\n<p style=\"text-align: justify;\">El Almirante Julio C\u00e9sar Pescina \u00c1vila, Comandante de la Octava Regi\u00f3n Naval dio la bienvenida a los asistentes y mencion\u00f3 que el respeto a los derechos humanos, adem\u00e1s de ser uno de los ejes <img loading=\"lazy\" decoding=\"async\" class=\"alignleft size-medium wp-image-1232349\" src=\"https:\/\/www.acapulco.press\/wp-content\/uploads\/2021\/09\/marina-semar3-375x250.jpeg\" alt=\"\" width=\"375\" height=\"250\" \/>rectores de los principios del Sistema de Justicia Penal Oral Acusatorio, es un principio fundamental del actuar del personal de la Armada de M\u00e9xico, quien trabaja coadyuvando con las autoridades competentes en la impartici\u00f3n de justicia.<\/p>\n<p style=\"text-align: justify;\">Destac\u00f3 que el trabajo de prevenci\u00f3n es indispensable para fortalecer las pol\u00edticas en materia de seguridad p\u00fablica, por lo cual resulta esencial la capacitaci\u00f3n permanente de los servidores p\u00fablicos de la Instituci\u00f3n para coadyuvar en la seguridad nacional y p\u00fablica.<\/p>\n<p style=\"text-align: justify;\">Cabe hacer menci\u00f3n que el Taller se efectuar\u00e1 en la modalidad de <img loading=\"lazy\" decoding=\"async\" class=\"alignleft size-medium wp-image-1232348\" src=\"https:\/\/www.acapulco.press\/wp-content\/uploads\/2021\/09\/marina-semar2-375x250.jpeg\" alt=\"\" width=\"375\" height=\"250\" \/>presencial del 20 al 22 de septiembre, con ponencias de Representantes del Consejo de la Judicatura Federal, se trabajar\u00e1n temas como \u201cDetenci\u00f3n en Flagrancia\u201d, \u201cDetenci\u00f3n por caso urgente\u201d, \u201cControl provisional preventivo\u201d, \u201cCustodia del detenido y su puesta a disposici\u00f3n\u201d \u201cCadena de Custodia\u201d, entre otros.<\/p>\n<p style=\"text-align: justify;\">De esta manera, a trav\u00e9s de la coordinaci\u00f3n de esfuerzos y cooperaci\u00f3n del Consejo de la Judicatura Federal y la Secretar\u00eda de Marina se fortalece dentro de sus respectivos \u00e1mbitos de competencia, para lograr la consolidaci\u00f3n integral del Sistema de Justicia Penal Oral Acusatorio.<\/p>\n<div style=\"width: 640px;\" class=\"wp-video\"><video class=\"wp-video-shortcode\" id=\"video-1232346-1\" width=\"640\" height=\"360\" preload=\"metadata\" controls=\"controls\"><source type=\"video\/mp4\" src=\"https:\/\/www.acapulco.press\/wp-content\/uploads\/2021\/09\/SEMARACA.mp4?_=1\" \/><a href=\"https:\/\/www.acapulco.press\/wp-content\/uploads\/2021\/09\/SEMARACA.mp4\">https:\/\/www.acapulco.press\/wp-content\/uploads\/2021\/09\/SEMARACA.mp4<\/a><\/video><\/div>\n<p><strong>HONOR, DEBER, LEALTAD, PATRIOTISMO<\/strong><\/p>\n","protected":false},"excerpt":{"rendered":"<p>ACAPULCO. * 21 de septiembre de 2021. ) Semar. La Secretar\u00eda de Marina-Armada de M\u00e9xico informa que el d\u00eda de ayer se inaugur\u00f3 el Primer Taller Interinstitucional \u201cActualizaci\u00f3n sobre el Sistema de Justicia Penal\u201d en instalaciones de la Octava Regi\u00f3n Naval en el Puerto de Acapulco, Guerrero, contando con la participaci\u00f3n de representantes del Consejo&#8230;<\/p>\n","protected":false},"author":2,"featured_media":1232351,"comment_status":"closed","ping_status":"closed","sticky":false,"template":"","format":"standard","meta":{"footnotes":""},"categories":[1969,2005],"tags":[4128,11329,13858,16222],"class_list":["post-1232346","post","type-post","status-publish","format-standard","has-post-thumbnail","hentry","category-trending","category-seguridad-y-justicia","tag-armada-de-mexico","tag-julio-cesar-pescina-avila","tag-octava-region-naval","tag-secretaria-de-marina-semar"],"_links":{"self":[{"href":"https:\/\/www.acapulcopress.com\/index.php\/wp-json\/wp\/v2\/posts\/1232346","targetHints":{"allow":["GET"]}}],"collection":[{"href":"https:\/\/www.acapulcopress.com\/index.php\/wp-json\/wp\/v2\/posts"}],"about":[{"href":"https:\/\/www.acapulcopress.com\/index.php\/wp-json\/wp\/v2\/types\/post"}],"author":[{"embeddable":true,"href":"https:\/\/www.acapulcopress.com\/index.php\/wp-json\/wp\/v2\/users\/2"}],"replies":[{"embeddable":true,"href":"https:\/\/www.acapulcopress.com\/index.php\/wp-json\/wp\/v2\/comments?post=1232346"}],"version-history":[{"count":0,"href":"https:\/\/www.acapulcopress.com\/index.php\/wp-json\/wp\/v2\/posts\/1232346\/revisions"}],"wp:featuredmedia":[{"embeddable":true,"href":"https:\/\/www.acapulcopress.com\/index.php\/wp-json\/"}],"wp:attachment":[{"href":"https:\/\/www.acapulcopress.com\/index.php\/wp-json\/wp\/v2\/media?parent=1232346"}],"wp:term":[{"taxonomy":"category","embeddable":true,"href":"https:\/\/www.acapulcopress.com\/index.php\/wp-json\/wp\/v2\/categories?post=1232346"},{"taxonomy":"post_tag","embeddable":true,"href":"https:\/\/www.acapulcopress.com\/index.php\/wp-json\/wp\/v2\/tags?post=1232346"}],"curies":[{"name":"wp","href":"https:\/\/api.w.org\/{rel}","templated":true}]}}