{"id":1232366,"date":"2021-09-21T19:29:25","date_gmt":"2021-09-22T00:29:25","guid":{"rendered":"https:\/\/www.acapulco.press\/?p=1232366"},"modified":"2021-09-21T19:29:25","modified_gmt":"2021-09-22T00:29:25","slug":"50-guerrerenses-mas-fueron-intervenidos-quirurgicamente-gracias-al-dif-guerrero","status":"publish","type":"post","link":"https:\/\/www.acapulcopress.com\/index.php\/2021\/09\/21\/50-guerrerenses-mas-fueron-intervenidos-quirurgicamente-gracias-al-dif-guerrero\/","title":{"rendered":"50 guerrerenses m\u00e1s fueron intervenidos quir\u00fargicamente gracias al DIF Guerrero"},"content":{"rendered":"<p style=\"text-align: justify;\"><img loading=\"lazy\" decoding=\"async\" class=\"alignnone wp-image-1232371 size-large\" src=\"https:\/\/www.acapulco.press\/wp-content\/uploads\/2021\/09\/DIFGro6-840x560.jpg\" alt=\"\" width=\"840\" height=\"560\" \/><br \/>\nIGUALA. * 21 de septiembre de 2021.<br \/>\n<em>) DIF Guerrero.<\/em><br \/>\n<img loading=\"lazy\" decoding=\"async\" class=\"alignleft size-medium wp-image-1232369\" src=\"https:\/\/www.acapulco.press\/wp-content\/uploads\/2021\/09\/DIFGro3-375x250.jpg\" alt=\"\" width=\"375\" height=\"250\" \/>Con una inversi\u00f3n cercana a los 5 millones de pesos, 50 guerrerenses m\u00e1s fueron beneficiados este d\u00eda al ser intervenidos con cirug\u00edas de rodilla y cadera en forma gratuita, durante la 19 jornada quir\u00fargica que puso en marcha la Presidenta del Patronato DIF Guerrero, Mercedes Calvo de Astudillo, hoy en Iguala, donde gracias al trabajo voluntario del doctor \u00c1ngel L\u00f3pez Becerril quien junto con un grupo de m\u00e9dicos en traumatolog\u00eda y ortopedia, as\u00ed como anestesi\u00f3logos que en forma altruista aportan sus servicios, se llevan a cabo. Durante la presente administraci\u00f3n se beneficiaron un total de 326 personas que mejoraron su vida al recuperar su salud y movilidad con estas operaciones realizadas por el DIF Guerrero en forma gratuita.<\/p>\n<p><img loading=\"lazy\" decoding=\"async\" class=\"alignnone wp-image-1232368 size-large\" src=\"https:\/\/www.acapulco.press\/wp-content\/uploads\/2021\/09\/DIFGro2-840x560.jpg\" alt=\"\" width=\"840\" height=\"560\" \/><\/p>\n","protected":false},"excerpt":{"rendered":"<p>IGUALA. * 21 de septiembre de 2021. ) DIF Guerrero. Con una inversi\u00f3n cercana a los 5 millones de pesos, 50 guerrerenses m\u00e1s fueron beneficiados este d\u00eda al ser intervenidos con cirug\u00edas de rodilla y cadera en forma gratuita, durante la 19 jornada quir\u00fargica que puso en marcha la Presidenta del Patronato DIF Guerrero, Mercedes&#8230;<\/p>\n","protected":false},"author":2,"featured_media":1232367,"comment_status":"closed","ping_status":"closed","sticky":false,"template":"","format":"standard","meta":{"footnotes":""},"categories":[1983,18561],"tags":[7313,9302,12943],"class_list":["post-1232366","post","type-post","status-publish","format-standard","has-post-thumbnail","hentry","category-guerrerogob","category-society-politics","tag-dif-guerrero","tag-gobierno-de-guerrero","tag-mercedes-calvo-de-astudillo"],"_links":{"self":[{"href":"https:\/\/www.acapulcopress.com\/index.php\/wp-json\/wp\/v2\/posts\/1232366","targetHints":{"allow":["GET"]}}],"collection":[{"href":"https:\/\/www.acapulcopress.com\/index.php\/wp-json\/wp\/v2\/posts"}],"about":[{"href":"https:\/\/www.acapulcopress.com\/index.php\/wp-json\/wp\/v2\/types\/post"}],"author":[{"embeddable":true,"href":"https:\/\/www.acapulcopress.com\/index.php\/wp-json\/wp\/v2\/users\/2"}],"replies":[{"embeddable":true,"href":"https:\/\/www.acapulcopress.com\/index.php\/wp-json\/wp\/v2\/comments?post=1232366"}],"version-history":[{"count":0,"href":"https:\/\/www.acapulcopress.com\/index.php\/wp-json\/wp\/v2\/posts\/1232366\/revisions"}],"wp:featuredmedia":[{"embeddable":true,"href":"https:\/\/www.acapulcopress.com\/index.php\/wp-json\/"}],"wp:attachment":[{"href":"https:\/\/www.acapulcopress.com\/index.php\/wp-json\/wp\/v2\/media?parent=1232366"}],"wp:term":[{"taxonomy":"category","embeddable":true,"href":"https:\/\/www.acapulcopress.com\/index.php\/wp-json\/wp\/v2\/categories?post=1232366"},{"taxonomy":"post_tag","embeddable":true,"href":"https:\/\/www.acapulcopress.com\/index.php\/wp-json\/wp\/v2\/tags?post=1232366"}],"curies":[{"name":"wp","href":"https:\/\/api.w.org\/{rel}","templated":true}]}}