{"id":1232376,"date":"2021-09-21T19:46:08","date_gmt":"2021-09-22T00:46:08","guid":{"rendered":"https:\/\/www.acapulco.press\/?p=1232376"},"modified":"2021-09-21T19:46:08","modified_gmt":"2021-09-22T00:46:08","slug":"fge-captura-otro-violador-y-obtiene-prision-preventiva-contra-tres-extorsionadores","status":"publish","type":"post","link":"https:\/\/www.acapulcopress.com\/index.php\/2021\/09\/21\/fge-captura-otro-violador-y-obtiene-prision-preventiva-contra-tres-extorsionadores\/","title":{"rendered":"FGE captura otro violador y obtiene prisi\u00f3n preventiva contra tres extorsionadores"},"content":{"rendered":"<p style=\"text-align: justify;\">CHILPANCINGO. * 21 de septiembre de 2021.<br \/>\n<em>) <a href=\"https:\/\/fiscaliaguerrero.gob.mx\" target=\"_blank\" rel=\"noopener\">https:\/\/fiscaliaguerrero.gob.mx<\/a>.<\/em><\/p>\n<p style=\"text-align: justify;\"><img loading=\"lazy\" decoding=\"async\" class=\"alignleft size-medium wp-image-1232379\" src=\"https:\/\/www.acapulco.press\/wp-content\/uploads\/2021\/09\/fge-pedro-ivan-375x363.jpeg\" alt=\"\" width=\"375\" height=\"363\" \/>La Fiscal\u00eda General del Estado a trav\u00e9s de la Polic\u00eda Investigadora Ministerial dio cumplimiento a la orden de aprehensi\u00f3n en contra de Pedro Iv\u00e1n \u00abN\u00bb, detenido como probable responsable del delito de violaci\u00f3n equiparada agravada.<\/p>\n<p style=\"text-align: justify;\">En la causa penal 54 III\/2012 se se\u00f1alan los hechos en que la v\u00edctima fue agredida por el imputado el pasado 7 de junio de 2008, cuando al encontrarla en un callej\u00f3n, la amenaz\u00f3 con arma de fuego y cometi\u00f3 el delito en su contra en en Cochoapa, municipio de Ometepec.<\/p>\n<p style=\"text-align: justify;\">La Polic\u00eda Investigadora Ministerial hizo la puesta a disposici\u00f3n de Pedro Iv\u00e1n \u00abN\u00bb, por el delito en menci\u00f3n ante el Juez Primero Penal del Distrito Judicial de Abasolo, en espera de la audiencia.<\/p>\n<p style=\"text-align: justify;\">La Fiscal\u00eda General del Estado continuar\u00e1 investigando los delitos del fuero com\u00fan y con especial seguimiento los cometidos en temas de igualdad de g\u00e9nero y menores de edad en el estado de Guerrero.<\/p>\n<p><strong>PRISI\u00d3N PREVENTIVA A TRES EXTORSIONADORES<\/strong><\/p>\n<p><img loading=\"lazy\" decoding=\"async\" class=\"alignleft size-medium wp-image-1232378\" src=\"https:\/\/www.acapulco.press\/wp-content\/uploads\/2021\/09\/fge-hermilo-375x363.jpeg\" alt=\"\" width=\"375\" height=\"363\" \/>El Ministerio P\u00fablico en la ciudad capital obtuvo prisi\u00f3n preventiva oficiosa en contra de Manuel \u00abN\u00bb y \u00c1ngel Adri\u00e1n \u00abN\u00bb, como probables responsables del delito de extorsi\u00f3n agravada a establecimiento comercial.<\/p>\n<p style=\"text-align: justify;\">Los hechos con fecha 14 de septiembre de 2021 los imputados se presentaron al establecimiento y exigieron una cantidad de dinero, o de lo contrario quemar\u00edan el lugar, ostentandose como parte de un grupo delincuencial.<\/p>\n<p style=\"text-align: justify;\">Con fecha 18 de septiembre de 2021 acudieron por la cantidad pactada, siendo detenidos momentos despu\u00e9s por agentes del Grupo Antisecuestros, asegur\u00e1ndoles dos armas de fuego tipo pistolas y dinero en efectivo, hechos en la carpeta judicial C- 275\/2021.<\/p>\n<p style=\"text-align: justify;\">En audiencia inicial, el Ministerio P\u00fablico aport\u00f3 los datos de prueba y el Juez de Control dict\u00f3 prisi\u00f3n preventiva oficiosa, quedando internos en el Centro de Reinserci\u00f3n Social de Chilpancingo en espera de la siguiente audiencia.<\/p>\n<p>De igual forma, el Ministerio P\u00fablico de Zihuatanejo de Azueta, obtuvo prisi\u00f3n preventiva en contra de Hermilo \u00abN\u00bb, detenido como probable responsable del delito de extorsi\u00f3n agravada a establecimiento comercial.<\/p>\n<p style=\"text-align: justify;\">Los hechos se encuentran en la carpeta judicial C-287\/2021, y el imputado es se\u00f1alado como quien ha acudido a los establecimientos a exigir un pago de dinero, o de lo contrario, amenaz\u00f3 con provocar da\u00f1o a la integridad de las v\u00edctimas.<\/p>\n<p style=\"text-align: justify;\">Por su parte, en audiencia inicial el Ministerio P\u00fablico expuso los datos de prueba ante el Juez de Control y Enjuiciamiento penal, quien dict\u00f3 vinculaci\u00f3n a proceso en contra de Gabriel \u00abN\u00bb, quedando interno en el Centro de Reinserci\u00f3n Social de Zihuatanejo.<\/p>\n","protected":false},"excerpt":{"rendered":"<p>CHILPANCINGO. * 21 de septiembre de 2021. ) https:\/\/fiscaliaguerrero.gob.mx. La Fiscal\u00eda General del Estado a trav\u00e9s de la Polic\u00eda Investigadora Ministerial dio cumplimiento a la orden de aprehensi\u00f3n en contra de Pedro Iv\u00e1n \u00abN\u00bb, detenido como probable responsable del delito de violaci\u00f3n equiparada agravada. En la causa penal 54 III\/2012 se se\u00f1alan los hechos en&#8230;<\/p>\n","protected":false},"author":2,"featured_media":1232377,"comment_status":"closed","ping_status":"closed","sticky":false,"template":"","format":"standard","meta":{"footnotes":""},"categories":[1969,2005],"tags":[8703,10946,14737],"class_list":["post-1232376","post","type-post","status-publish","format-standard","has-post-thumbnail","hentry","category-trending","category-seguridad-y-justicia","tag-fiscalia-general-del-estado-de-guerrero-fge","tag-jorge-zuriel-de-los-santos-barrila","tag-policia-ministerial-de-guerrero"],"_links":{"self":[{"href":"https:\/\/www.acapulcopress.com\/index.php\/wp-json\/wp\/v2\/posts\/1232376","targetHints":{"allow":["GET"]}}],"collection":[{"href":"https:\/\/www.acapulcopress.com\/index.php\/wp-json\/wp\/v2\/posts"}],"about":[{"href":"https:\/\/www.acapulcopress.com\/index.php\/wp-json\/wp\/v2\/types\/post"}],"author":[{"embeddable":true,"href":"https:\/\/www.acapulcopress.com\/index.php\/wp-json\/wp\/v2\/users\/2"}],"replies":[{"embeddable":true,"href":"https:\/\/www.acapulcopress.com\/index.php\/wp-json\/wp\/v2\/comments?post=1232376"}],"version-history":[{"count":0,"href":"https:\/\/www.acapulcopress.com\/index.php\/wp-json\/wp\/v2\/posts\/1232376\/revisions"}],"wp:featuredmedia":[{"embeddable":true,"href":"https:\/\/www.acapulcopress.com\/index.php\/wp-json\/"}],"wp:attachment":[{"href":"https:\/\/www.acapulcopress.com\/index.php\/wp-json\/wp\/v2\/media?parent=1232376"}],"wp:term":[{"taxonomy":"category","embeddable":true,"href":"https:\/\/www.acapulcopress.com\/index.php\/wp-json\/wp\/v2\/categories?post=1232376"},{"taxonomy":"post_tag","embeddable":true,"href":"https:\/\/www.acapulcopress.com\/index.php\/wp-json\/wp\/v2\/tags?post=1232376"}],"curies":[{"name":"wp","href":"https:\/\/api.w.org\/{rel}","templated":true}]}}