{"id":1232395,"date":"2021-09-21T20:54:19","date_gmt":"2021-09-22T01:54:19","guid":{"rendered":"https:\/\/www.acapulco.press\/?p=1232395"},"modified":"2021-09-21T20:54:19","modified_gmt":"2021-09-22T01:54:19","slug":"relaciones-mexico-eu-el-dificil-entendimiento","status":"publish","type":"post","link":"https:\/\/www.acapulcopress.com\/index.php\/2021\/09\/21\/relaciones-mexico-eu-el-dificil-entendimiento\/","title":{"rendered":"Relaciones M\u00e9xico-EU |  El dif\u00edcil entendimiento"},"content":{"rendered":"<p style=\"text-align: justify;\"><strong>Olga Pellicer<\/strong><br \/>\n<em>] Apro.<\/em><\/p>\n<p style=\"text-align: justify;\">El tema del entendimiento que se dar\u00e1 entre el presidente Biden y el presidente L\u00f3pez Obrador sigue despertando especulaciones y preocupaci\u00f3n. Hay quienes piensan que la realidad se impone y la enorme interacci\u00f3n existente entre dos pa\u00edses llevar\u00e1, necesariamente, a una buena relaci\u00f3n. Sin embargo, lo cierto es que, a ocho meses de haberse inaugurado el gobierno de Biden, la relaci\u00f3n entre los dos gobiernos sigue siendo diplom\u00e1ticamente correcta, pero en la realidad carente de sustancia y compromisos concretos. Poco o nada se avanza en los problemas de mayor complejidad para ambos pa\u00edses, como son el de la migraci\u00f3n, el de la seguridad o el de las miradas opuestas sobre cambio clim\u00e1tico.<\/p>\n<p style=\"text-align: justify;\">Con tales antecedentes, el Di\u00e1logo Econ\u00f3mico de Alto Nivel (DEAN) celebrado la semana pasada despert\u00f3 inter\u00e9s, pero los resultados no fueron significativos. El encuentro se qued\u00f3 a nivel de generalidades y reiteraci\u00f3n de posiciones muy conocidas. Los objetivos estrat\u00e9gicos de largo plazo siguen ausentes.<\/p>\n<p style=\"text-align: justify;\">Existe una opini\u00f3n, frecuentemente expresada por analistas de cuestiones econ\u00f3micas, seg\u00fan la cual nos encontramos frente a una ventana de oportunidad para incrementar significativamente las cadenas de abastecimiento que han sido pieza central de las relaciones econ\u00f3micas entre los dos pa\u00edses.<\/p>\n<p style=\"text-align: justify;\">Cabe recordar que dichas cadenas atravesaron momentos dif\u00edciles durante la pandemia, al no existir la regulaci\u00f3n adecuada para coordinarlas. As\u00ed, por motivos sanitarios M\u00e9xico decret\u00f3 el cierre temporal de algunas empresas cuya producci\u00f3n era estrat\u00e9gica para bienes que se terminan en Estados Unidos. Urge, por lo tanto, avanzar en su mejor coordinaci\u00f3n para evitar disrupciones similares en el futuro.<\/p>\n<p style=\"text-align: justify;\">M\u00e1s all\u00e1 de enfrentar los problemas log\u00edsticos inmediatos, lo que mayormente alienta en estos momentos la b\u00fasqueda de acuerdos sobre cadenas de abastecimiento tiene que ver con la relaci\u00f3n con China y las disposiciones laborales contenidas en el T-MEC. De una parte, dada la tensi\u00f3n creciente en las relaciones Estados Unidos-China, empresas estadunidenses est\u00e1n tomando la decisi\u00f3n de trasladar hacia otros pa\u00edses las cadenas de abastecimiento que se hab\u00edan instalado ah\u00ed. M\u00e9xico parece el destino ideal, tanto por la cercan\u00eda con Estados Unidos como por la oferta de mano de obra con las calificaciones adecuadas para emprender tales actividades.<\/p>\n<p style=\"text-align: justify;\">De otra parte, las nuevas disposiciones laborales contenidas en el T-MEC contribuyen a eliminar el malestar que provoca en los sindicatos estadunidenses la competencia desleal que representan los salarios notablemente bajos que se ofrecen en M\u00e9xico.<\/p>\n<p style=\"text-align: justify;\">Ahora bien, fortalecer la producci\u00f3n compartida entre M\u00e9xico y Estados Unidos requiere de un ambiente de confianza mutua, respeto a normas establecidas en los acuerdos como el T-MEC u otros que puedan surgir, existencia de un buen ambiente de colaboraci\u00f3n entre el sector privado de los dos pa\u00edses. Finalmente, visi\u00f3n de largo plazo sobre el tipo de desarrollo econ\u00f3mico que se desear\u00eda alcanzar, el papel que ocupa ah\u00ed la empresa privada, nacional y extranjera y la manera de dar soluciones compartidas a los problemas globales de nuestro tiempo, en particular el cambio clim\u00e1tico.<\/p>\n<p style=\"text-align: justify;\">Desde esa perspectiva, la narrativa del gobierno de L\u00f3pez Obrador se vuelve cada vez m\u00e1s nebulosa, acentuando la incertidumbre sobre el grado y formas de colaboraci\u00f3n econ\u00f3mica que, efectivamente, se quieren tener con Estados Unidos, con las empresas extranjeras, con los neoliberales y conservadores, con la prensa cr\u00edtica o con los formadores de opini\u00f3n en general. En otras palabras, no hay ambiente para generar certidumbre y s\u00ed desconfianza respecto a los prop\u00f3sitos gubernamentales para el futuro.<\/p>\n<p style=\"text-align: justify;\">Los resultados del DEAN est\u00e1n condensados en los informes que, de manera independiente, emitieron respectivamente la canciller\u00eda mexicana y la Casa Blanca. Como ha ocurrido en reuniones anteriores, las versiones no coinciden en detalles que pueden ser triviales, pero reveladores de las dificultades para trabajar conjuntamente. El informe de la Casa Blanca es m\u00e1s ordenado y resume mejor los puntos acordados. El de M\u00e9xico refleja la poca experiencia de los grupos burocr\u00e1ticos medios que se ocupan de la relaci\u00f3n con Estados Unidos en la canciller\u00eda.<\/p>\n<p style=\"text-align: justify;\">El tema de fondo m\u00e1s logrado \u2013aunque insuficiente\u2013 en ambos informes es el relativo a fortalecer las cadenas de abastecimiento existentes y nuevas. No se trata solamente de mitigar disrupciones en las existentes, sino de explorar oportunidades para satisfacer necesidades de ambos pa\u00edses, atraer nuevas inversiones y mejorar la infraestructura fronteriza para acelerar el comercio. El informe mexicano se refiere a la creaci\u00f3n de un grupo de trabajo especial para dar seguimiento a este tema, el de la Casa Blanca no lo menciona.<\/p>\n<p style=\"text-align: justify;\">Los otros tres \u201cpilares\u201d de lo acordado se refieren, el segundo, a \u201cpromover desarrollo econ\u00f3mico y social sustentable en el sur de M\u00e9xico y Centroam\u00e9rica\u201d. Tema que, sin ning\u00fan avance, ha estado en la agenda desde que tom\u00f3 posesi\u00f3n L\u00f3pez Obrador hace casi tres a\u00f1os.<\/p>\n<p style=\"text-align: justify;\">El tercer pilar, a los \u201cinstrumentos para asegurar la prosperidad futura\u201d, un punto novedoso relacionado con las tecnolog\u00edas para la informaci\u00f3n y las comunicaciones, incluyendo la ciberseguridad. Un campo ignorado hasta fechas recientes que puede tener implicaciones importantes.<\/p>\n<p style=\"text-align: justify;\">Finalmente, el pilar relativo a \u201cinvertir en nuestro pueblo\u201d se refiere a ofrecer las habilidades necesarias a los grupos m\u00e1s vulnerables, como mujeres, ni\u00f1as, j\u00f3venes, grupos ind\u00edgenas, comunidad LGBTQ, etc\u00e9tera.<\/p>\n<p style=\"text-align: justify;\">En resumen, los informes respectivos dif\u00edcilmente pueden verse como un punto de inflexi\u00f3n hacia una etapa reforzada de cooperaci\u00f3n econ\u00f3mica estrat\u00e9gica entre M\u00e9xico y Estados Unidos. La preparaci\u00f3n de un documento bien sustentado sobre el particular est\u00e1 por hacerse.<\/p>\n<p style=\"text-align: justify;\">Simult\u00e1neamente a la celebraci\u00f3n del DEAN han surgido de la canciller\u00eda mexicana anuncios de enormes consecuencias sobre la propuesta de reformar o eliminar la OEA, sin ninguna claridad sobre los aliados que acompa\u00f1ar\u00edan semejante prop\u00f3sito. Al momento de escribir estas l\u00edneas se celebra la reuni\u00f3n de la CELAC que dejar\u00e1 mayor informaci\u00f3n sobre el poder de convocatoria de M\u00e9xico y su posici\u00f3n dentro de las instituciones hemisf\u00e9ricas, lo cual puede contribuir a facilitar, o a complicar seriamente, su di\u00e1logo con Estados Unidos.<\/p>\n","protected":false},"excerpt":{"rendered":"<p>Olga Pellicer ] Apro. El tema del entendimiento que se dar\u00e1 entre el presidente Biden y el presidente L\u00f3pez Obrador sigue despertando especulaciones y preocupaci\u00f3n. Hay quienes piensan que la realidad se impone y la enorme interacci\u00f3n existente entre dos pa\u00edses llevar\u00e1, necesariamente, a una buena relaci\u00f3n. Sin embargo, lo cierto es que, a ocho&#8230;<\/p>\n","protected":false},"author":2,"featured_media":1232396,"comment_status":"closed","ping_status":"closed","sticky":false,"template":"","format":"standard","meta":{"footnotes":""},"categories":[2071,1991],"tags":[3873,10820],"class_list":["post-1232395","post","type-post","status-publish","format-standard","has-post-thumbnail","hentry","category-opinion-analisis-columnas","category-libertad-de-expresion","tag-andes-manuel-lopez-obrador","tag-joe-biden"],"_links":{"self":[{"href":"https:\/\/www.acapulcopress.com\/index.php\/wp-json\/wp\/v2\/posts\/1232395","targetHints":{"allow":["GET"]}}],"collection":[{"href":"https:\/\/www.acapulcopress.com\/index.php\/wp-json\/wp\/v2\/posts"}],"about":[{"href":"https:\/\/www.acapulcopress.com\/index.php\/wp-json\/wp\/v2\/types\/post"}],"author":[{"embeddable":true,"href":"https:\/\/www.acapulcopress.com\/index.php\/wp-json\/wp\/v2\/users\/2"}],"replies":[{"embeddable":true,"href":"https:\/\/www.acapulcopress.com\/index.php\/wp-json\/wp\/v2\/comments?post=1232395"}],"version-history":[{"count":0,"href":"https:\/\/www.acapulcopress.com\/index.php\/wp-json\/wp\/v2\/posts\/1232395\/revisions"}],"wp:featuredmedia":[{"embeddable":true,"href":"https:\/\/www.acapulcopress.com\/index.php\/wp-json\/"}],"wp:attachment":[{"href":"https:\/\/www.acapulcopress.com\/index.php\/wp-json\/wp\/v2\/media?parent=1232395"}],"wp:term":[{"taxonomy":"category","embeddable":true,"href":"https:\/\/www.acapulcopress.com\/index.php\/wp-json\/wp\/v2\/categories?post=1232395"},{"taxonomy":"post_tag","embeddable":true,"href":"https:\/\/www.acapulcopress.com\/index.php\/wp-json\/wp\/v2\/tags?post=1232395"}],"curies":[{"name":"wp","href":"https:\/\/api.w.org\/{rel}","templated":true}]}}