{"id":1232414,"date":"2021-09-22T20:07:03","date_gmt":"2021-09-23T01:07:03","guid":{"rendered":"https:\/\/www.acapulco.press\/?p=1232414"},"modified":"2021-09-22T20:07:03","modified_gmt":"2021-09-23T01:07:03","slug":"amlo-confirma-investigacion-de-fgr-a-cientificos-de-conacyt","status":"publish","type":"post","link":"https:\/\/www.acapulcopress.com\/index.php\/2021\/09\/22\/amlo-confirma-investigacion-de-fgr-a-cientificos-de-conacyt\/","title":{"rendered":"AMLO confirma investigaci\u00f3n de FGR a cient\u00edficos de Conacyt"},"content":{"rendered":"<p style=\"text-align: justify;\">CIUDAD DE M\u00c9XICO. * 22 de septiembre de 2021.<br \/>\n<em>)<a href=\"https:\/\/www.proceso.com.mx\/nacional\/2021\/9\/22\/amlo-confirma-investigacion-de-la-fgr-contra-cientificos-del-conacyt-no-se-inventan-delitos-dice-272465.html\" target=\"_blank\" rel=\"noopener\"> Apro<\/a>.<\/em><\/p>\n<p style=\"text-align: justify;\">El presidente Andr\u00e9s Manuel L\u00f3pez Obrador confirm\u00f3 que un grupo de cient\u00edficos del Consejo Nacional de Ciencia y Tecnolog\u00eda (Conacyt) son investigados por presuntos malos manejos, aunque aclar\u00f3 que ser\u00e1 un juez el que determine si son o no culpables.<\/p>\n<p style=\"text-align: justify;\">Lo que s\u00ed dej\u00f3 en claro es que su gobierno no inventa delitos, pero tampoco solapa la impunidad.<\/p>\n<p style=\"text-align: justify;\">\u201cSe presume que hubo malos manejos de recursos en el Conacyt, sin embargo, esto lo va a resolver el juez. Y el que nada debe, nada teme. Es que tenemos que combatir la corrupci\u00f3n, por parejo, desde luego m\u00e1s arriba, de arriba hacia abajo, pero parejo, no tolerar la corrupci\u00f3n.<\/p>\n<p style=\"text-align: justify;\">\u201cEso fue lo que tronch\u00f3 la causa de la Revoluci\u00f3n Mexicana, la corrupci\u00f3n. Eso es lo que dio el traste con todo y nosotros tenemos que acabar con la corrupci\u00f3n en todos lados\u201d dijo.<\/p>\n<p style=\"text-align: justify;\">En la conferencia ma\u00f1anera, el mandatario record\u00f3 que, en el sexenio pasado, en la llamada \u00abEstafa Maestra\u00bb hubo universidades que protegi\u00e9ndose de la autonom\u00eda, directores y rectores caciques \u201caplaudidos hasta por la monarqu\u00eda espa\u00f1ola\u201d se enriquecieron por medio de actos de corrupci\u00f3n.<\/p>\n<p style=\"text-align: justify;\">\u201cYa no debe de haber impunidad para nadie. Tenemos que purificar la vida p\u00fablica y el que no tiene ning\u00fan delito, el que es inocente, no debe de preocuparse para nada, porque tambi\u00e9n no se fabrican delitos, y no se permite que jueces hagan y deshagan\u201d, enfatiz\u00f3.<\/p>\n<p style=\"text-align: justify;\">Y agreg\u00f3 que \u201cpuede ser que legalmente pueda comentar una injusticia, pero se denuncia. Pero no vamos a dejar de estarle pidiendo a la Judicatura del Poder Judicial que actu\u00e9, que al margen de la ley nada y por encima de la ley nadie\u201d.<\/p>\n<p style=\"text-align: justify;\">En su edici\u00f3n de este mi\u00e9rcoles, el diario El Universal publica informaci\u00f3n al respecto y afirma que la denuncia contra los investigadores del Foro Consultivo Cient\u00edfico y Tecnol\u00f3gico \u2014ente aut\u00f3nomo que se encarg\u00f3 de presentar propuestas de pol\u00edticas p\u00fablicas a tres expresidentes de M\u00e9xico\u2014 fue interpuesta por la directora General del Conacyt, Mar\u00eda Elena \u00c1lvarez-Buylla, el 24 de agosto \u00faltimo.<\/p>\n<p style=\"text-align: justify;\">Con base en la querella, la fiscal\u00eda general de la Rep\u00fablica (FGR) solicit\u00f3 a un juez de Control en el Centro de Justicia Penal Federal de El Altiplano, Estado de M\u00e9xico, las \u00f3rdenes de captura, pero las neg\u00f3 por \u201cconsiderar que la fiscal\u00eda no present\u00f3 elementos suficientes para llamarlos a juicio a trav\u00e9s de una orden de captura\u201d.<\/p>\n<p style=\"text-align: justify;\">Sin embargo, el juzgador otorg\u00f3 15 d\u00edas a la FGR para subsanar deficiencias y fortalecer sus argumentos y, ahora se sabe, que la fiscal\u00eda ya present\u00f3 una nueva denuncia contra los investigadores, entre los cuales se encuentra un exrector de la Universidad Aut\u00f3noma Metropolitana (UAM).<\/p>\n<p style=\"text-align: justify;\">Ayer, por cierto, acad\u00e9micos de esa instituci\u00f3n exigieron a la FGR cesar el acoso contra el grupo de cient\u00edficos sujetos a investigaci\u00f3n.<\/p>\n","protected":false},"excerpt":{"rendered":"<p>CIUDAD DE M\u00c9XICO. * 22 de septiembre de 2021. ) Apro. El presidente Andr\u00e9s Manuel L\u00f3pez Obrador confirm\u00f3 que un grupo de cient\u00edficos del Consejo Nacional de Ciencia y Tecnolog\u00eda (Conacyt) son investigados por presuntos malos manejos, aunque aclar\u00f3 que ser\u00e1 un juez el que determine si son o no culpables. Lo que s\u00ed dej\u00f3&#8230;<\/p>\n","protected":false},"author":2,"featured_media":1232415,"comment_status":"closed","ping_status":"closed","sticky":false,"template":"","format":"standard","meta":{"footnotes":""},"categories":[1972,18573,18561],"tags":[3896,6485],"class_list":["post-1232414","post","type-post","status-publish","format-standard","has-post-thumbnail","hentry","category-special","category-goverment","category-society-politics","tag-andres-manuel-lopez-obrador","tag-consejo-nacional-de-ciencia-y-tecnologia-conacyt"],"_links":{"self":[{"href":"https:\/\/www.acapulcopress.com\/index.php\/wp-json\/wp\/v2\/posts\/1232414","targetHints":{"allow":["GET"]}}],"collection":[{"href":"https:\/\/www.acapulcopress.com\/index.php\/wp-json\/wp\/v2\/posts"}],"about":[{"href":"https:\/\/www.acapulcopress.com\/index.php\/wp-json\/wp\/v2\/types\/post"}],"author":[{"embeddable":true,"href":"https:\/\/www.acapulcopress.com\/index.php\/wp-json\/wp\/v2\/users\/2"}],"replies":[{"embeddable":true,"href":"https:\/\/www.acapulcopress.com\/index.php\/wp-json\/wp\/v2\/comments?post=1232414"}],"version-history":[{"count":0,"href":"https:\/\/www.acapulcopress.com\/index.php\/wp-json\/wp\/v2\/posts\/1232414\/revisions"}],"wp:featuredmedia":[{"embeddable":true,"href":"https:\/\/www.acapulcopress.com\/index.php\/wp-json\/"}],"wp:attachment":[{"href":"https:\/\/www.acapulcopress.com\/index.php\/wp-json\/wp\/v2\/media?parent=1232414"}],"wp:term":[{"taxonomy":"category","embeddable":true,"href":"https:\/\/www.acapulcopress.com\/index.php\/wp-json\/wp\/v2\/categories?post=1232414"},{"taxonomy":"post_tag","embeddable":true,"href":"https:\/\/www.acapulcopress.com\/index.php\/wp-json\/wp\/v2\/tags?post=1232414"}],"curies":[{"name":"wp","href":"https:\/\/api.w.org\/{rel}","templated":true}]}}