{"id":1232420,"date":"2021-09-22T20:38:14","date_gmt":"2021-09-23T01:38:14","guid":{"rendered":"https:\/\/www.acapulco.press\/?p=1232420"},"modified":"2021-09-22T20:38:14","modified_gmt":"2021-09-23T01:38:14","slug":"confia-gilberto-solano-que-tepfj-ratifique-su-triunfo-en-tlapa-de-comonfort","status":"publish","type":"post","link":"https:\/\/www.acapulcopress.com\/index.php\/2021\/09\/22\/confia-gilberto-solano-que-tepfj-ratifique-su-triunfo-en-tlapa-de-comonfort\/","title":{"rendered":"Conf\u00eda Gilberto Solano que TEPFJ ratifique su triunfo en Tlapa de Comonfort"},"content":{"rendered":"<p style=\"text-align: justify;\">TLAPA DE COMONFORT. * 22 de septiembre de 2021.<br \/>\n<em>) Especial.<\/em><\/p>\n<p style=\"text-align: justify;\">Esta ma\u00f1ana, el primer presidente ind\u00edgena electo de Tlapa de Comonfort, Gilberto Solano Arreaga, particip\u00f3 en la audiencia <img loading=\"lazy\" decoding=\"async\" class=\"alignleft size-medium wp-image-1232422\" src=\"https:\/\/www.acapulco.press\/wp-content\/uploads\/2021\/09\/gilberto-solano-375x310.jpeg\" alt=\"\" width=\"375\" height=\"310\" \/>virtual del juicio con magistrados del Tribunal Electoral del Poder Judicial de la Federaci\u00f3n (TEPJF) para revisar el tema relacionado con la elecci\u00f3n del Ayuntamiento de ese municipio.<\/p>\n<p style=\"text-align: justify;\">La reuni\u00f3n fue presidida por los magistrados Mar\u00eda C. Silvia Rojas, H\u00e9ctor Romero Bola\u00f1os y Jos\u00e9 Luis Ceballos Daza, y en acompa\u00f1amiento del presidente electo, estuvieron presentes sus abogados y representantes del PRI estatal y nacional.<\/p>\n<p style=\"text-align: justify;\">Ante los magistrados de la Mesa Regional, se expusieron los alegatos para argumentar la defensa de la resoluci\u00f3n emitida por el Tribunal Electoral del Estado de Guerrero y en consecuencia la ratificaci\u00f3n de la constancia de mayor\u00eda que lo acredita como presidente electo.<\/p>\n<p style=\"text-align: justify;\">En el acto Solano Arreaga prioriz\u00f3 las necesidades y la demanda de los pueblos originarios y record\u00f3 que \u00e9l ya fue ratificado como alcalde electo por el municipio y por el estado, por lo que argument\u00f3 que no habr\u00e1 ning\u00fan problema de recibir la ratificaci\u00f3n federal.<\/p>\n","protected":false},"excerpt":{"rendered":"<p>TLAPA DE COMONFORT. * 22 de septiembre de 2021. ) Especial. Esta ma\u00f1ana, el primer presidente ind\u00edgena electo de Tlapa de Comonfort, Gilberto Solano Arreaga, particip\u00f3 en la audiencia virtual del juicio con magistrados del Tribunal Electoral del Poder Judicial de la Federaci\u00f3n (TEPJF) para revisar el tema relacionado con la elecci\u00f3n del Ayuntamiento de&#8230;<\/p>\n","protected":false},"author":2,"featured_media":1232421,"comment_status":"closed","ping_status":"closed","sticky":false,"template":"","format":"standard","meta":{"footnotes":""},"categories":[18589,18561],"tags":[4496,9199,17391],"class_list":["post-1232420","post","type-post","status-publish","format-standard","has-post-thumbnail","hentry","category-gobierno-de-tlapa","category-society-politics","tag-ayuntamiento-de-tlapa-de-comonfort","tag-gilberto-solano-arreaga","tag-tribunal-electoral-del-poder-judicial-de-la-federacion-tepjf"],"_links":{"self":[{"href":"https:\/\/www.acapulcopress.com\/index.php\/wp-json\/wp\/v2\/posts\/1232420","targetHints":{"allow":["GET"]}}],"collection":[{"href":"https:\/\/www.acapulcopress.com\/index.php\/wp-json\/wp\/v2\/posts"}],"about":[{"href":"https:\/\/www.acapulcopress.com\/index.php\/wp-json\/wp\/v2\/types\/post"}],"author":[{"embeddable":true,"href":"https:\/\/www.acapulcopress.com\/index.php\/wp-json\/wp\/v2\/users\/2"}],"replies":[{"embeddable":true,"href":"https:\/\/www.acapulcopress.com\/index.php\/wp-json\/wp\/v2\/comments?post=1232420"}],"version-history":[{"count":0,"href":"https:\/\/www.acapulcopress.com\/index.php\/wp-json\/wp\/v2\/posts\/1232420\/revisions"}],"wp:featuredmedia":[{"embeddable":true,"href":"https:\/\/www.acapulcopress.com\/index.php\/wp-json\/"}],"wp:attachment":[{"href":"https:\/\/www.acapulcopress.com\/index.php\/wp-json\/wp\/v2\/media?parent=1232420"}],"wp:term":[{"taxonomy":"category","embeddable":true,"href":"https:\/\/www.acapulcopress.com\/index.php\/wp-json\/wp\/v2\/categories?post=1232420"},{"taxonomy":"post_tag","embeddable":true,"href":"https:\/\/www.acapulcopress.com\/index.php\/wp-json\/wp\/v2\/tags?post=1232420"}],"curies":[{"name":"wp","href":"https:\/\/api.w.org\/{rel}","templated":true}]}}