{"id":1232427,"date":"2021-09-22T21:59:57","date_gmt":"2021-09-23T02:59:57","guid":{"rendered":"https:\/\/www.acapulco.press\/?p=1232427"},"modified":"2021-09-22T21:59:57","modified_gmt":"2021-09-23T02:59:57","slug":"tepjf-valida-triunfo-de-evelyn-salgado","status":"publish","type":"post","link":"https:\/\/www.acapulcopress.com\/index.php\/2021\/09\/22\/tepjf-valida-triunfo-de-evelyn-salgado\/","title":{"rendered":"TEPJF valida triunfo de Evelyn Salgado"},"content":{"rendered":"<p style=\"text-align: justify;\">CIUDAD DE M\u00c9XICO. * 22 de septiembre de 2021.<br \/>\n<em>) Acapulco Press \/<a href=\"https:\/\/latinus.us\/2021\/09\/22\/tepjf-confirma-triunfo-evelyn-salgado-nueva-gobernadora-guerrero\/\" target=\"_blank\" rel=\"noopener\"> Latinus<\/a>.<\/em><\/p>\n<p style=\"text-align: justify;\">Por unanimidad, el Tribunal Electoral de la Federaci\u00f3n (TEPJF) ratific\u00f3 esta noche a Evelyn Salgado Pineda como gobernadora electa de Guerrero. Los argumentos presentados por la coalici\u00f3n PRI\/PRD carecieron de fundamentos para impugnar el triunfo de la candidata de Morena., determinaron los magistrados.<\/p>\n<p style=\"text-align: justify;\">Sobre la parte impugnadora no hay nada qu\u00e9 decir: Mario Moreno Arcos, excandidato de la coalici\u00f3n \u00abVa por Guerrero\u00bb, integrada por los partidos Revolucionario Institucional y de la Revoluci\u00f3n Democr\u00e1tica, hab\u00eda ya anticipado que aceptar\u00eda el fallo del TEPFJ, \u00abfuere cual fuere el resultado\u00bb.<\/p>\n<p><strong>CRONOLOG\u00cdA<\/strong><\/p>\n<p style=\"text-align: justify;\">La Sala Superior del Tribunal Electoral del Poder Judicial de la Federaci\u00f3n (TEPJF) ratific\u00f3 este mi\u00e9rcoles, por votaci\u00f3n un\u00e1nime, que Evelyn Salgado sea la nueva gobernadora del estado de Guerrero tras desechar las impugnaciones presentadas por el PRI y el PRD.<\/p>\n<p style=\"text-align: justify;\">Ambos partidos acusaron que, tanto el presidente de M\u00e9xico, Andr\u00e9s Manuel L\u00f3pez Obrador, como otros funcionarios del gobierno federal, violaron los principios de neutralidad e imparcialidad de la elecci\u00f3n al intentar coaccionar el voto a favor de la hija de F\u00e9lix Salgado Macedonio en los comicios del pasado 6 de junio.<\/p>\n<p style=\"text-align: justify;\">En sesi\u00f3n del pleno, los magistrados del TEPJF desestimaron las quejas del PRI y PRD al ratificar que las pruebas presentadas por ambos partidos fueron insuficientes.<\/p>\n<p style=\"text-align: justify;\">Los institutos pol\u00edticos acusaron que Evelyn Salgado no era elegible para tomar la candidatura de Morena a la gubernatura de Guerrero luego de que se le retir\u00f3 la misma a su padre, F\u00e9lix Salgado Macedonio, por no reportar sus gastos de precampa\u00f1a.<\/p>\n<p style=\"text-align: justify;\">En la impugnaci\u00f3n tambi\u00e9n se\u00f1alaron a Andr\u00e9s Nieto Cuevas, delegado regional de los Programas Integrales de Desarrollo del gobierno federal en la zona de Tierra Caliente, en el estado de Guerrero, de instruir a los \u201cServidores de la Naci\u00f3n\u201d, v\u00eda grupo de Whatsapp, a votar por Salgado en un supuesto caso de coacci\u00f3n del voto.<\/p>\n<p style=\"text-align: justify;\">El 13 de junio, una semana despu\u00e9s de las elecciones, el Instituto Electoral y de Participaci\u00f3n Ciudadana de Guerrero (IEPC) declar\u00f3 oficialmente a la candidata de Morena, Evelyn Salgado, como gobernadora electa. Su triunfo se consolid\u00f3 con una diferencia de 62 mil 843 votos por arriba del candidato de la coalici\u00f3n PRI-PRD, Mario Moreno Arcos.<\/p>\n<p style=\"text-align: justify;\">\u201cEn consecuencia, al no asistirle la raz\u00f3n a los actores, esta Sala Superior considera que debe confirmarse la elegibilidad de la candidata postulada por Morena (Evelyn Salgado) a la gubernatura del estado de Guerrero\u201d, concluye el proyecto de resoluci\u00f3n del TEPJF.<\/p>\n","protected":false},"excerpt":{"rendered":"<p>CIUDAD DE M\u00c9XICO. * 22 de septiembre de 2021. ) Acapulco Press \/ Latinus. Por unanimidad, el Tribunal Electoral de la Federaci\u00f3n (TEPJF) ratific\u00f3 esta noche a Evelyn Salgado Pineda como gobernadora electa de Guerrero. Los argumentos presentados por la coalici\u00f3n PRI\/PRD carecieron de fundamentos para impugnar el triunfo de la candidata de Morena., determinaron&#8230;<\/p>\n","protected":false},"author":2,"featured_media":1232428,"comment_status":"closed","ping_status":"closed","sticky":false,"template":"","format":"standard","meta":{"footnotes":""},"categories":[1972,1997],"tags":[8251,12685,17384],"class_list":["post-1232427","post","type-post","status-publish","format-standard","has-post-thumbnail","hentry","category-special","category-noticias-destacadas","tag-evelyn-salgado-pineda","tag-mario-moreno-arcos","tag-tribunal-electoral-de-la-federacion-tepjf"],"_links":{"self":[{"href":"https:\/\/www.acapulcopress.com\/index.php\/wp-json\/wp\/v2\/posts\/1232427","targetHints":{"allow":["GET"]}}],"collection":[{"href":"https:\/\/www.acapulcopress.com\/index.php\/wp-json\/wp\/v2\/posts"}],"about":[{"href":"https:\/\/www.acapulcopress.com\/index.php\/wp-json\/wp\/v2\/types\/post"}],"author":[{"embeddable":true,"href":"https:\/\/www.acapulcopress.com\/index.php\/wp-json\/wp\/v2\/users\/2"}],"replies":[{"embeddable":true,"href":"https:\/\/www.acapulcopress.com\/index.php\/wp-json\/wp\/v2\/comments?post=1232427"}],"version-history":[{"count":0,"href":"https:\/\/www.acapulcopress.com\/index.php\/wp-json\/wp\/v2\/posts\/1232427\/revisions"}],"wp:featuredmedia":[{"embeddable":true,"href":"https:\/\/www.acapulcopress.com\/index.php\/wp-json\/"}],"wp:attachment":[{"href":"https:\/\/www.acapulcopress.com\/index.php\/wp-json\/wp\/v2\/media?parent=1232427"}],"wp:term":[{"taxonomy":"category","embeddable":true,"href":"https:\/\/www.acapulcopress.com\/index.php\/wp-json\/wp\/v2\/categories?post=1232427"},{"taxonomy":"post_tag","embeddable":true,"href":"https:\/\/www.acapulcopress.com\/index.php\/wp-json\/wp\/v2\/tags?post=1232427"}],"curies":[{"name":"wp","href":"https:\/\/api.w.org\/{rel}","templated":true}]}}