{"id":1232434,"date":"2021-09-22T22:19:13","date_gmt":"2021-09-23T03:19:13","guid":{"rendered":"https:\/\/www.acapulco.press\/?p=1232434"},"modified":"2021-09-22T22:19:13","modified_gmt":"2021-09-23T03:19:13","slug":"tepjf-caso-guerrero-de-quien-la-culpa","status":"publish","type":"post","link":"https:\/\/www.acapulcopress.com\/index.php\/2021\/09\/22\/tepjf-caso-guerrero-de-quien-la-culpa\/","title":{"rendered":"TEPJF: Caso Guerrero | \u00bfDe qui\u00e9n la culpa?"},"content":{"rendered":"<p><em>Jiribilla Pol\u00edtica<\/em><br \/>\n] <strong>El Brujo Chiripero<\/strong><br \/>\n<em>) Acapulco Press.<\/em><\/p>\n<p style=\"text-align: justify;\">Se les dijo (casi) hasta el cansancio que la impugnaci\u00f3n carec\u00eda de sustentos jur\u00eddicos y electorales&#8230; y les vali\u00f3. Se les dot\u00f3 de elementos sustanciales para que la solicitud de anulaci\u00f3n de la elecci\u00f3n fuera m\u00e1s coherente y convincente&#8230; pero igual los desecharon. Prefirieron hacer caso a los &#8216;superaserores&#8217; que, lejos de ayudar, solo hicieron quedar en rid\u00edculo al excandidato de la coalici\u00f3n con una p\u00edrrica impugnaci\u00f3n que casi se desech\u00f3 sola.<\/p>\n<p style=\"text-align: justify;\">Que el triunfo de la ratificada sigue en entredicho&#8230; no se discute. Las &#8216;manos negras&#8217; se hicieron presentes por todas partes donde se celebraron elecciones en territorio nacional, pero as\u00ed son las \u00abelecciones de Estado\u00bb. La culpa, no obstante, no fue de los que ganaron a su manera, sino de quienes no tuvieron la visi\u00f3n de competir a la altura de las exigencias y las circunstancias e impugnar las irregularidades electorales con sustentos, en lugar de argucias.<\/p>\n<p style=\"text-align: justify;\"><em>Palo dado ni Dios lo quita..<\/em>. unos lamentan, otros celebran.<\/p>\n<p style=\"text-align: justify;\">Gajes de la pol\u00edtica.<\/p>\n<p>EL HUBIERA NO EXISTE<br \/>\n<em>Sin da\u00f1os a terceros&#8230;<\/em><br \/>\nwww.<strong>acapulco.press<\/strong><\/p>\n","protected":false},"excerpt":{"rendered":"<p>Jiribilla Pol\u00edtica ] El Brujo Chiripero ) Acapulco Press. Se les dijo (casi) hasta el cansancio que la impugnaci\u00f3n carec\u00eda de sustentos jur\u00eddicos y electorales&#8230; y les vali\u00f3. Se les dot\u00f3 de elementos sustanciales para que la solicitud de anulaci\u00f3n de la elecci\u00f3n fuera m\u00e1s coherente y convincente&#8230; pero igual los desecharon. Prefirieron hacer caso&#8230;<\/p>\n","protected":false},"author":2,"featured_media":1232435,"comment_status":"closed","ping_status":"closed","sticky":false,"template":"","format":"standard","meta":{"footnotes":""},"categories":[2069,2008],"tags":[8251,8467,12685,17390,17391],"class_list":["post-1232434","post","type-post","status-publish","format-standard","has-post-thumbnail","hentry","category-a-contraluz","category-editorial","tag-evelyn-salgado-pineda","tag-felix-salgado-macedonio","tag-mario-moreno-arcos","tag-tribunal-electoral-del-poder-judicial-de-la-federacion","tag-tribunal-electoral-del-poder-judicial-de-la-federacion-tepjf"],"_links":{"self":[{"href":"https:\/\/www.acapulcopress.com\/index.php\/wp-json\/wp\/v2\/posts\/1232434","targetHints":{"allow":["GET"]}}],"collection":[{"href":"https:\/\/www.acapulcopress.com\/index.php\/wp-json\/wp\/v2\/posts"}],"about":[{"href":"https:\/\/www.acapulcopress.com\/index.php\/wp-json\/wp\/v2\/types\/post"}],"author":[{"embeddable":true,"href":"https:\/\/www.acapulcopress.com\/index.php\/wp-json\/wp\/v2\/users\/2"}],"replies":[{"embeddable":true,"href":"https:\/\/www.acapulcopress.com\/index.php\/wp-json\/wp\/v2\/comments?post=1232434"}],"version-history":[{"count":0,"href":"https:\/\/www.acapulcopress.com\/index.php\/wp-json\/wp\/v2\/posts\/1232434\/revisions"}],"wp:featuredmedia":[{"embeddable":true,"href":"https:\/\/www.acapulcopress.com\/index.php\/wp-json\/"}],"wp:attachment":[{"href":"https:\/\/www.acapulcopress.com\/index.php\/wp-json\/wp\/v2\/media?parent=1232434"}],"wp:term":[{"taxonomy":"category","embeddable":true,"href":"https:\/\/www.acapulcopress.com\/index.php\/wp-json\/wp\/v2\/categories?post=1232434"},{"taxonomy":"post_tag","embeddable":true,"href":"https:\/\/www.acapulcopress.com\/index.php\/wp-json\/wp\/v2\/tags?post=1232434"}],"curies":[{"name":"wp","href":"https:\/\/api.w.org\/{rel}","templated":true}]}}