{"id":1232440,"date":"2021-09-22T22:41:07","date_gmt":"2021-09-23T03:41:07","guid":{"rendered":"https:\/\/www.acapulco.press\/?p=1232440"},"modified":"2021-09-22T22:41:07","modified_gmt":"2021-09-23T03:41:07","slug":"entrega-astudillo-una-obra-educativa-mas-en-chilpancingo","status":"publish","type":"post","link":"https:\/\/www.acapulcopress.com\/index.php\/2021\/09\/22\/entrega-astudillo-una-obra-educativa-mas-en-chilpancingo\/","title":{"rendered":"Entrega Astudillo una obra educativa m\u00e1s en Chilpancingo"},"content":{"rendered":"<p style=\"text-align: justify;\"><img loading=\"lazy\" decoding=\"async\" class=\"alignnone wp-image-1232442 size-large\" src=\"https:\/\/www.acapulco.press\/wp-content\/uploads\/2021\/09\/HAF2-840x559.jpg\" alt=\"\" width=\"840\" height=\"559\" \/><\/p>\n<p>CHILPANCINGO. * 22 de septiembre de 2021.<br \/>\n<em>) Gobierno de Guerrero.<\/em><\/p>\n<p style=\"text-align: justify;\"><img loading=\"lazy\" decoding=\"async\" class=\"alignleft size-medium wp-image-1232444\" src=\"https:\/\/www.acapulco.press\/wp-content\/uploads\/2021\/09\/HAF4-375x250.jpg\" alt=\"\" width=\"375\" height=\"250\" \/>\u00abDejar una gran cantidad de escuelas nuevas o rehabilitadas es una de las mayores satisfacciones personales que me dejan como gobernador\u00bb, enfatiz\u00f3 H\u00e9ctor Astudillo Flores al entregar la rehabilitaci\u00f3n de la Secundaria Jos\u00e9 Agust\u00edn Ram\u00edrez, lo que represent\u00f3 una inversi\u00f3n de m\u00e1s de 11 millones de pesos.<\/p>\n<p>Acompa\u00f1ado del secretario de Educaci\u00f3n, Heriberto Huicochea V\u00e1zquez, as\u00ed como directivos, maestros y estudiantes de este plantel educativo, el mandatario guerrerense celebr\u00f3 que la instituci\u00f3n est\u00e9 en mejores condiciones ya que esto permitir\u00e1 que el proceso ense\u00f1anza-aprendizaje se realice de manera \u00f3ptima.<\/p>\n<p><img loading=\"lazy\" decoding=\"async\" class=\"alignleft size-medium wp-image-1232443\" src=\"https:\/\/www.acapulco.press\/wp-content\/uploads\/2021\/09\/HAF3-375x250.jpg\" alt=\"\" width=\"375\" height=\"250\" \/>Adelant\u00f3 que Guerrero podr\u00eda transitar a color verde en el sem\u00e1foro epidemiol\u00f3gico, lo que representar\u00e1 que se regrese a clases presenciales, \u00aba m\u00ed me dar\u00e1 mucha satisfacci\u00f3n que antes de que deje de ser gobernador las escuelas empiecen a funcionar\u00bb.<br \/>\n\u00abPero hay que seguirse cuidando, usando cubrebocas, tratar de mantener la sana distancia, a m\u00ed me dar\u00e1\u00bb.<\/p>\n<p>Puntualiz\u00f3 que de ingresar a sem\u00e1foro verde, las escuelas en zonas urbanas como Chilpancingo, Iguala y las principales ciudades tendr\u00edan que regresar a las aulas.<\/p>\n<p><img loading=\"lazy\" decoding=\"async\" class=\"alignleft size-medium wp-image-1232445\" src=\"https:\/\/www.acapulco.press\/wp-content\/uploads\/2021\/09\/HAF5-375x242.jpg\" alt=\"\" width=\"375\" height=\"242\" \/>En su intervenci\u00f3n, el director del Instituto Guerrerense de la Infraestructura F\u00edsica Educativa, Jorge Alcocer Navarrete inform\u00f3 que en Chilpancingo se ha intervenido con 315 obras en 172 escuelas con una inversi\u00f3n de m\u00e1s de 841 millones para beneficiar a 58 mil 357 alumnos.<\/p>\n<p>Sobre la rehabilitaci\u00f3n total de la secundaria Jos\u00e9 Agust\u00edn Ram\u00edrez, detall\u00f3 que se realiz\u00f3 con una inversi\u00f3n de m\u00e1s de 11 millones de pesos, beneficiando a 575 alumnos.<\/p>\n<p>Incluye 9 aulas did\u00e1cticas, biblioteca, servicio social, m\u00e9dico, \u00e1rea administrativa, direcci\u00f3n, sala de juntas, cocina, servicios sanitarios, taller de arte y dise\u00f1o, aula de medios, laboratorio polifuncional equipado.<\/p>\n<p>Adem\u00e1s port\u00f3n de acceso, cancha de usos m\u00faltiples, subestaci\u00f3n el\u00e9ctrica y aire acondicionado,<\/p>\n<p>El director de este plantel educativo, R\u00f3mulo Gallegos Mart\u00ednez y la maestra Maritza Romero Manzanares agradecieron esta importante obra que sin duda ser\u00e1 de gran beneficio para todas y todos los alumnos.<\/p>\n","protected":false},"excerpt":{"rendered":"<p>CHILPANCINGO. * 22 de septiembre de 2021. ) Gobierno de Guerrero. \u00abDejar una gran cantidad de escuelas nuevas o rehabilitadas es una de las mayores satisfacciones personales que me dejan como gobernador\u00bb, enfatiz\u00f3 H\u00e9ctor Astudillo Flores al entregar la rehabilitaci\u00f3n de la Secundaria Jos\u00e9 Agust\u00edn Ram\u00edrez, lo que represent\u00f3 una inversi\u00f3n de m\u00e1s de 11&#8230;<\/p>\n","protected":false},"author":2,"featured_media":1232441,"comment_status":"closed","ping_status":"closed","sticky":false,"template":"","format":"standard","meta":{"footnotes":""},"categories":[1983,18561],"tags":[9302,9705],"class_list":["post-1232440","post","type-post","status-publish","format-standard","has-post-thumbnail","hentry","category-guerrerogob","category-society-politics","tag-gobierno-de-guerrero","tag-hector-astudillo-flores"],"_links":{"self":[{"href":"https:\/\/www.acapulcopress.com\/index.php\/wp-json\/wp\/v2\/posts\/1232440","targetHints":{"allow":["GET"]}}],"collection":[{"href":"https:\/\/www.acapulcopress.com\/index.php\/wp-json\/wp\/v2\/posts"}],"about":[{"href":"https:\/\/www.acapulcopress.com\/index.php\/wp-json\/wp\/v2\/types\/post"}],"author":[{"embeddable":true,"href":"https:\/\/www.acapulcopress.com\/index.php\/wp-json\/wp\/v2\/users\/2"}],"replies":[{"embeddable":true,"href":"https:\/\/www.acapulcopress.com\/index.php\/wp-json\/wp\/v2\/comments?post=1232440"}],"version-history":[{"count":0,"href":"https:\/\/www.acapulcopress.com\/index.php\/wp-json\/wp\/v2\/posts\/1232440\/revisions"}],"wp:featuredmedia":[{"embeddable":true,"href":"https:\/\/www.acapulcopress.com\/index.php\/wp-json\/"}],"wp:attachment":[{"href":"https:\/\/www.acapulcopress.com\/index.php\/wp-json\/wp\/v2\/media?parent=1232440"}],"wp:term":[{"taxonomy":"category","embeddable":true,"href":"https:\/\/www.acapulcopress.com\/index.php\/wp-json\/wp\/v2\/categories?post=1232440"},{"taxonomy":"post_tag","embeddable":true,"href":"https:\/\/www.acapulcopress.com\/index.php\/wp-json\/wp\/v2\/tags?post=1232440"}],"curies":[{"name":"wp","href":"https:\/\/api.w.org\/{rel}","templated":true}]}}