{"id":1232450,"date":"2021-09-23T17:40:25","date_gmt":"2021-09-23T22:40:25","guid":{"rendered":"https:\/\/www.acapulco.press\/?p=1232450"},"modified":"2021-09-23T17:40:25","modified_gmt":"2021-09-23T22:40:25","slug":"fge-logra-13-anos-de-prision-contra-homicida-de-acapulco","status":"publish","type":"post","link":"https:\/\/www.acapulcopress.com\/index.php\/2021\/09\/23\/fge-logra-13-anos-de-prision-contra-homicida-de-acapulco\/","title":{"rendered":"FGE logra 13 a\u00f1os de prisi\u00f3n contra homicida de Acapulco"},"content":{"rendered":"<p style=\"text-align: justify;\">CHILPANCINGO. * 23 de septiembre de 2021.<br \/>\n<em>) <a href=\"https:\/\/fiscaliaguerrero.gob.mx\" target=\"_blank\" rel=\"noopener\">https:\/\/fiscaliaguerrero.gob.mx<\/a>.<br \/>\n<\/em> El Ministerio P\u00fablico de Acapulco logr\u00f3 sentencia condenatoria de 13 a\u00f1os y seis meses de prisi\u00f3n en contra de Jos\u00e9 Manuel \u00abN\u00bb, como responsable en la comisi\u00f3n del delito de homicidio calificado.<\/p>\n<p style=\"text-align: justify;\">El Ministerio P\u00fablico acredit\u00f3 los hechos sucedidos el pasado 18 de mayo de 2018, cuando el imputado se encontraba con la v\u00edctima ingiriendo bebidas embriagantes en Ciudad Renacimiento y comenzaron a discutir, provoc\u00e1ndole Jos\u00e9 Manuel \u00abN\u00bb lesiones de gravedad en rostro y cabeza, hechos en la carpeta judicial C- 210\/2020.<\/p>\n<p style=\"text-align: justify;\">De acuerdo a las pruebas presentadas ante el Juez de Control y Enjuiciamiento penal, dict\u00f3 sentencia condenatoria de 13 a\u00f1os y seis meses por el delito en menci\u00f3n, quedando para purgar su condena, interno en el Centro de Reinserci\u00f3n Social de Acapulco.<\/p>\n","protected":false},"excerpt":{"rendered":"<p>CHILPANCINGO. * 23 de septiembre de 2021. ) https:\/\/fiscaliaguerrero.gob.mx. El Ministerio P\u00fablico de Acapulco logr\u00f3 sentencia condenatoria de 13 a\u00f1os y seis meses de prisi\u00f3n en contra de Jos\u00e9 Manuel \u00abN\u00bb, como responsable en la comisi\u00f3n del delito de homicidio calificado. El Ministerio P\u00fablico acredit\u00f3 los hechos sucedidos el pasado 18 de mayo de 2018,&#8230;<\/p>\n","protected":false},"author":2,"featured_media":1232451,"comment_status":"closed","ping_status":"closed","sticky":false,"template":"","format":"standard","meta":{"footnotes":""},"categories":[1969,2005],"tags":[8703,10946,14737],"class_list":["post-1232450","post","type-post","status-publish","format-standard","has-post-thumbnail","hentry","category-trending","category-seguridad-y-justicia","tag-fiscalia-general-del-estado-de-guerrero-fge","tag-jorge-zuriel-de-los-santos-barrila","tag-policia-ministerial-de-guerrero"],"_links":{"self":[{"href":"https:\/\/www.acapulcopress.com\/index.php\/wp-json\/wp\/v2\/posts\/1232450","targetHints":{"allow":["GET"]}}],"collection":[{"href":"https:\/\/www.acapulcopress.com\/index.php\/wp-json\/wp\/v2\/posts"}],"about":[{"href":"https:\/\/www.acapulcopress.com\/index.php\/wp-json\/wp\/v2\/types\/post"}],"author":[{"embeddable":true,"href":"https:\/\/www.acapulcopress.com\/index.php\/wp-json\/wp\/v2\/users\/2"}],"replies":[{"embeddable":true,"href":"https:\/\/www.acapulcopress.com\/index.php\/wp-json\/wp\/v2\/comments?post=1232450"}],"version-history":[{"count":0,"href":"https:\/\/www.acapulcopress.com\/index.php\/wp-json\/wp\/v2\/posts\/1232450\/revisions"}],"wp:featuredmedia":[{"embeddable":true,"href":"https:\/\/www.acapulcopress.com\/index.php\/wp-json\/"}],"wp:attachment":[{"href":"https:\/\/www.acapulcopress.com\/index.php\/wp-json\/wp\/v2\/media?parent=1232450"}],"wp:term":[{"taxonomy":"category","embeddable":true,"href":"https:\/\/www.acapulcopress.com\/index.php\/wp-json\/wp\/v2\/categories?post=1232450"},{"taxonomy":"post_tag","embeddable":true,"href":"https:\/\/www.acapulcopress.com\/index.php\/wp-json\/wp\/v2\/tags?post=1232450"}],"curies":[{"name":"wp","href":"https:\/\/api.w.org\/{rel}","templated":true}]}}