{"id":1232472,"date":"2021-09-24T19:40:44","date_gmt":"2021-09-25T00:40:44","guid":{"rendered":"https:\/\/www.acapulco.press\/?p=1232472"},"modified":"2021-09-24T19:40:44","modified_gmt":"2021-09-25T00:40:44","slug":"evelyn-salgado-el-reto-de-ser-la-primera-gobernadora-de-guerrero","status":"publish","type":"post","link":"https:\/\/www.acapulcopress.com\/index.php\/2021\/09\/24\/evelyn-salgado-el-reto-de-ser-la-primera-gobernadora-de-guerrero\/","title":{"rendered":"Evelyn Salgado | El reto de ser la primera gobernadora de Guerrero"},"content":{"rendered":"<p style=\"text-align: justify;\"><span data-offset-key=\"8k7a2-0-0\">Si Evelyn Salgado consigue empoderarse, ser\u00e1 buena gobernadora. Nadie es perfecto ni nace sabi\u00e9ndolo todo; se aprende sobre la marcha. No obstante, la gobernadora electa no tiene alternativas: \u00absi no mantiene sana distancia, la sombra de su padre le har\u00e1 m\u00e1s da\u00f1o que beneficio\u00bb. El reto de hacer historia como la primera mujer electa como gobernadora de Guerrero es grande, pero si Evelyn se lo propone, puede hacer historia y consagrarse ante los guerrerenses sin depender de nadie para crear su propia leyenda.<br \/>\n\u00bb <strong>E D I T O R I A L<\/strong><br \/>\n<\/span><span class=\"py34i1dx\"><span data-offset-key=\"8k7a2-1-0\">www.acapulco.press<\/span><\/span><\/p>\n","protected":false},"excerpt":{"rendered":"<p>Si Evelyn Salgado consigue empoderarse, ser\u00e1 buena gobernadora. Nadie es perfecto ni nace sabi\u00e9ndolo todo; se aprende sobre la marcha. No obstante, la gobernadora electa no tiene alternativas: \u00absi no mantiene sana distancia, la sombra de su padre le har\u00e1 m\u00e1s da\u00f1o que beneficio\u00bb. El reto de hacer historia como la primera mujer electa como&#8230;<\/p>\n","protected":false},"author":2,"featured_media":1232474,"comment_status":"closed","ping_status":"closed","sticky":false,"template":"","format":"standard","meta":{"footnotes":""},"categories":[2048,1972,2008],"tags":[8251,9302],"class_list":["post-1232472","post","type-post","status-publish","format-standard","has-post-thumbnail","hentry","category-editorial-editorial","category-special","category-editorial","tag-evelyn-salgado-pineda","tag-gobierno-de-guerrero"],"_links":{"self":[{"href":"https:\/\/www.acapulcopress.com\/index.php\/wp-json\/wp\/v2\/posts\/1232472","targetHints":{"allow":["GET"]}}],"collection":[{"href":"https:\/\/www.acapulcopress.com\/index.php\/wp-json\/wp\/v2\/posts"}],"about":[{"href":"https:\/\/www.acapulcopress.com\/index.php\/wp-json\/wp\/v2\/types\/post"}],"author":[{"embeddable":true,"href":"https:\/\/www.acapulcopress.com\/index.php\/wp-json\/wp\/v2\/users\/2"}],"replies":[{"embeddable":true,"href":"https:\/\/www.acapulcopress.com\/index.php\/wp-json\/wp\/v2\/comments?post=1232472"}],"version-history":[{"count":0,"href":"https:\/\/www.acapulcopress.com\/index.php\/wp-json\/wp\/v2\/posts\/1232472\/revisions"}],"wp:featuredmedia":[{"embeddable":true,"href":"https:\/\/www.acapulcopress.com\/index.php\/wp-json\/"}],"wp:attachment":[{"href":"https:\/\/www.acapulcopress.com\/index.php\/wp-json\/wp\/v2\/media?parent=1232472"}],"wp:term":[{"taxonomy":"category","embeddable":true,"href":"https:\/\/www.acapulcopress.com\/index.php\/wp-json\/wp\/v2\/categories?post=1232472"},{"taxonomy":"post_tag","embeddable":true,"href":"https:\/\/www.acapulcopress.com\/index.php\/wp-json\/wp\/v2\/tags?post=1232472"}],"curies":[{"name":"wp","href":"https:\/\/api.w.org\/{rel}","templated":true}]}}