{"id":1232480,"date":"2021-09-24T19:49:57","date_gmt":"2021-09-25T00:49:57","guid":{"rendered":"https:\/\/www.acapulco.press\/?p=1232480"},"modified":"2021-09-24T19:49:57","modified_gmt":"2021-09-25T00:49:57","slug":"evelyn-gobernadora","status":"publish","type":"post","link":"https:\/\/www.acapulcopress.com\/index.php\/2021\/09\/24\/evelyn-gobernadora\/","title":{"rendered":"Evelyn, gobernadora"},"content":{"rendered":"<p style=\"text-align: justify;\"><em>Tercera V\u00eda<\/em><br \/>\n] <strong>Ernesto Rivera Rodr\u00edguez<\/strong>.<\/p>\n<p style=\"text-align: justify;\">Tal parece que la resoluci\u00f3n definitiva e inapelable del Tribunal Electoral del Poder Judicial de la Federaci\u00f3n, (TEPJF), al ratificar el triunfo a la gobernadora electa Evelyn Salgado Pineda, c\u00f3mo primera mujer para el m\u00e1s alto puesto pol\u00edtico y constitucional de Guerrero, tambi\u00e9n trae la \u00abtorta bajo el brazo\u00bb a su padre, el senador F\u00e9lix Salgado Macedonio. Qui\u00e9n ser\u00e1 sin lugar a dudas, el hombre fuerte de su gobierno.<\/p>\n<p style=\"text-align: justify;\">S\u00f3lo falta que se haga efectivo lo declarado por el doctor Eduardo L\u00f3pez Betancourt en una sesi\u00f3n del Grupo Aca, el gobierno de Guerrero ser\u00e1 un triunvirato, \u00abEvelyn, F\u00e9lix y Yo\u00bb. Hoy por cada saludo, abrazo y felicitaciones a la gobernadora, cien o mil se acercan al senador.<\/p>\n<p style=\"text-align: justify;\">Guerrero entra de lleno en una nueva y sin precedente etapa al obtener, pol\u00edticamente el triunfo con la marca \u00abObrador\u00bb, que no Morena. C\u00f3mo descifrar este garlito? Dejando a un lado esta inc\u00f3gnita, F\u00e9lix se apresta a entrar de lleno a fabricar la superestructura de gobierno de Evelyn, nada f\u00e1cil si habr\u00e1 de llevar a cabo los grandes cambios que ha venido mencionando, cambios en la estructura gubernamental, que tiene nos dicen ya en el escritorio, apoyado por un viejo equipo de colaboradores. Nada se le va a escapar, ser\u00e1 una restructuraci\u00f3n radical, a fondo, darle una vuelta de tim\u00f3n a una burocracia obsoleta, del principal empleador del estado.<\/p>\n<p style=\"text-align: justify;\">La fina mano de la gobernadora Evelyn, le pondr\u00e1 su sello particular, d\u00f3nde en la experiencia pol\u00edtica en M\u00e9xico, la determinaci\u00f3n de las exgobernadoras que han tenido el poder de sus estados a sido esencial, desde la maestra Griselda \u00c1lvarez (PRI) en el estado de Colima, en la \u00e9poca de los setenta del siglo pasado, c\u00f3mo Beatriz Paredes Rangel (PRI) en Tlaxcala, Amalia Garc\u00eda Medina (PRD) Zacatecas, Dulce Mar\u00eda Sauri Riacho (PRI) en Yucat\u00e1n, Rosario Robles Berlanga (PRD) en el DF hoy CDMX, Claudia Pavlovich Arellano (PRI) Sonora, se distinguieron por su mano firme, su oficio pol\u00edtico y su liderazgo, y actualmente en la CDMX, Claudia Sheinbaum (Morena).<\/p>\n<p style=\"text-align: justify;\">En este 2021 la marca \u00abObrador\u00bb har\u00e1 historia con seis gobernadoras en el pa\u00eds, Guerrero tiene grandes expectativas y espera mucho de Evelyn Salgado Pineda, qui\u00e9n asumir\u00e1 como gobernadora Constitucional de Guerrero, el primer minuto del pr\u00f3ximo 15 de Octubre pr\u00f3ximo, cuyo partido sufre de un gran atraso y una profunda divisi\u00f3n institucional que ha tirado a la basura los principios de la 4T, padeciendo en la LXIII Legislatura Local de una fracci\u00f3n llena de advenedizos y oportunistas que se hicieron de la diputaci\u00f3n gracias al adjudicarse la mejor postura y no la filiaci\u00f3n partidista y en las mangas del chaleco.<\/p>\n","protected":false},"excerpt":{"rendered":"<p>Tercera V\u00eda ] Ernesto Rivera Rodr\u00edguez. Tal parece que la resoluci\u00f3n definitiva e inapelable del Tribunal Electoral del Poder Judicial de la Federaci\u00f3n, (TEPJF), al ratificar el triunfo a la gobernadora electa Evelyn Salgado Pineda, c\u00f3mo primera mujer para el m\u00e1s alto puesto pol\u00edtico y constitucional de Guerrero, tambi\u00e9n trae la \u00abtorta bajo el brazo\u00bb&#8230;<\/p>\n","protected":false},"author":2,"featured_media":1232473,"comment_status":"closed","ping_status":"closed","sticky":false,"template":"","format":"standard","meta":{"footnotes":""},"categories":[2071,1991],"tags":[2560,8251,17390],"class_list":["post-1232480","post","type-post","status-publish","format-standard","has-post-thumbnail","hentry","category-opinion-analisis-columnas","category-libertad-de-expresion","tag-tepjf","tag-evelyn-salgado-pineda","tag-tribunal-electoral-del-poder-judicial-de-la-federacion"],"_links":{"self":[{"href":"https:\/\/www.acapulcopress.com\/index.php\/wp-json\/wp\/v2\/posts\/1232480","targetHints":{"allow":["GET"]}}],"collection":[{"href":"https:\/\/www.acapulcopress.com\/index.php\/wp-json\/wp\/v2\/posts"}],"about":[{"href":"https:\/\/www.acapulcopress.com\/index.php\/wp-json\/wp\/v2\/types\/post"}],"author":[{"embeddable":true,"href":"https:\/\/www.acapulcopress.com\/index.php\/wp-json\/wp\/v2\/users\/2"}],"replies":[{"embeddable":true,"href":"https:\/\/www.acapulcopress.com\/index.php\/wp-json\/wp\/v2\/comments?post=1232480"}],"version-history":[{"count":0,"href":"https:\/\/www.acapulcopress.com\/index.php\/wp-json\/wp\/v2\/posts\/1232480\/revisions"}],"wp:featuredmedia":[{"embeddable":true,"href":"https:\/\/www.acapulcopress.com\/index.php\/wp-json\/"}],"wp:attachment":[{"href":"https:\/\/www.acapulcopress.com\/index.php\/wp-json\/wp\/v2\/media?parent=1232480"}],"wp:term":[{"taxonomy":"category","embeddable":true,"href":"https:\/\/www.acapulcopress.com\/index.php\/wp-json\/wp\/v2\/categories?post=1232480"},{"taxonomy":"post_tag","embeddable":true,"href":"https:\/\/www.acapulcopress.com\/index.php\/wp-json\/wp\/v2\/tags?post=1232480"}],"curies":[{"name":"wp","href":"https:\/\/api.w.org\/{rel}","templated":true}]}}