{"id":1232486,"date":"2021-09-24T20:14:04","date_gmt":"2021-09-25T01:14:04","guid":{"rendered":"https:\/\/www.acapulco.press\/?p=1232486"},"modified":"2021-09-24T20:14:04","modified_gmt":"2021-09-25T01:14:04","slug":"consigue-fiscaliagro-27-anos-de-prision-contra-violador-de-coyuca-de-catalan","status":"publish","type":"post","link":"https:\/\/www.acapulcopress.com\/index.php\/2021\/09\/24\/consigue-fiscaliagro-27-anos-de-prision-contra-violador-de-coyuca-de-catalan\/","title":{"rendered":"Consigue #Fiscal\u00edaGro 27 a\u00f1os de prisi\u00f3n contra violador de Coyuca de Catal\u00e1n"},"content":{"rendered":"<p style=\"text-align: justify;\">CHILPANCINGO. * 24 de septiembre de 2021.<br \/>\n<em>) <a href=\"https:\/\/fiscaliaguerrero.gob.mx.\" target=\"_blank\" rel=\"noopener\">https:\/\/fiscaliaguerrero.gob.mx.<\/a><\/em><\/p>\n<p style=\"text-align: justify;\">El Ministerio P\u00fablico de Coyuca de Catal\u00e1n logr\u00f3 la sentencia condenatoria de 27 a\u00f1os de prisi\u00f3n en contra de Manuel \u00abN\u00bb, por haberse encontrado culpable y penalmente responsable del delito de violaci\u00f3n equiparada agravada, en el municipio de Coyuca de Catal\u00e1n.<\/p>\n<p style=\"text-align: justify;\">La carpeta de juicio oral JO-02\/2021 se\u00f1ala que el imputado cometi\u00f3 el delito en reiteradas ocasiones, aprovechando que la madre de la menor no se encontraba en el domicilio.<\/p>\n<p style=\"text-align: justify;\">Por lo expuesto por parte del Ministerio P\u00fablico, el Juez de Control y Enjuiciamiento penal dict\u00f3 la sentencia condenatoria de 27 a\u00f1os de prisi\u00f3n, quedando interno en el Centro de Reinserci\u00f3n Social de Coyuca de Catal\u00e1n.<\/p>\n<p style=\"text-align: justify;\">La Fiscal\u00eda General del Estado continuar\u00e1 investigando los delitos del fuero com\u00fan y con especial seguimiento los cometidos en temas de igualdad de g\u00e9nero y menores de edad en el estado de Guerrero.<\/p>\n","protected":false},"excerpt":{"rendered":"<p>CHILPANCINGO. * 24 de septiembre de 2021. ) https:\/\/fiscaliaguerrero.gob.mx. El Ministerio P\u00fablico de Coyuca de Catal\u00e1n logr\u00f3 la sentencia condenatoria de 27 a\u00f1os de prisi\u00f3n en contra de Manuel \u00abN\u00bb, por haberse encontrado culpable y penalmente responsable del delito de violaci\u00f3n equiparada agravada, en el municipio de Coyuca de Catal\u00e1n. La carpeta de juicio oral&#8230;<\/p>\n","protected":false},"author":2,"featured_media":1232487,"comment_status":"closed","ping_status":"closed","sticky":false,"template":"","format":"standard","meta":{"footnotes":""},"categories":[1969,2005],"tags":[8703,10946,14737],"class_list":["post-1232486","post","type-post","status-publish","format-standard","has-post-thumbnail","hentry","category-trending","category-seguridad-y-justicia","tag-fiscalia-general-del-estado-de-guerrero-fge","tag-jorge-zuriel-de-los-santos-barrila","tag-policia-ministerial-de-guerrero"],"_links":{"self":[{"href":"https:\/\/www.acapulcopress.com\/index.php\/wp-json\/wp\/v2\/posts\/1232486","targetHints":{"allow":["GET"]}}],"collection":[{"href":"https:\/\/www.acapulcopress.com\/index.php\/wp-json\/wp\/v2\/posts"}],"about":[{"href":"https:\/\/www.acapulcopress.com\/index.php\/wp-json\/wp\/v2\/types\/post"}],"author":[{"embeddable":true,"href":"https:\/\/www.acapulcopress.com\/index.php\/wp-json\/wp\/v2\/users\/2"}],"replies":[{"embeddable":true,"href":"https:\/\/www.acapulcopress.com\/index.php\/wp-json\/wp\/v2\/comments?post=1232486"}],"version-history":[{"count":0,"href":"https:\/\/www.acapulcopress.com\/index.php\/wp-json\/wp\/v2\/posts\/1232486\/revisions"}],"wp:featuredmedia":[{"embeddable":true,"href":"https:\/\/www.acapulcopress.com\/index.php\/wp-json\/"}],"wp:attachment":[{"href":"https:\/\/www.acapulcopress.com\/index.php\/wp-json\/wp\/v2\/media?parent=1232486"}],"wp:term":[{"taxonomy":"category","embeddable":true,"href":"https:\/\/www.acapulcopress.com\/index.php\/wp-json\/wp\/v2\/categories?post=1232486"},{"taxonomy":"post_tag","embeddable":true,"href":"https:\/\/www.acapulcopress.com\/index.php\/wp-json\/wp\/v2\/tags?post=1232486"}],"curies":[{"name":"wp","href":"https:\/\/api.w.org\/{rel}","templated":true}]}}