{"id":1232494,"date":"2021-09-24T20:56:08","date_gmt":"2021-09-25T01:56:08","guid":{"rendered":"https:\/\/www.acapulco.press\/?p=1232494"},"modified":"2021-09-24T20:56:08","modified_gmt":"2021-09-25T01:56:08","slug":"inicio-en-sonora-la-tercera-edicion-del-mundial-sub-23-de-beisbol","status":"publish","type":"post","link":"https:\/\/www.acapulcopress.com\/index.php\/2021\/09\/24\/inicio-en-sonora-la-tercera-edicion-del-mundial-sub-23-de-beisbol\/","title":{"rendered":"Inici\u00f3 en Sonora la tercera edici\u00f3n del Mundial Sub-23 de Beisbol"},"content":{"rendered":"<p style=\"text-align: justify;\">CIUDAD OBREG\u00d3N. * 24 de septiembre de 2021.<br \/>\n<em>) Conade.<\/em><\/p>\n<p style=\"text-align: justify;\">En medio de una fiesta de luces, pirotecnia y orquesta en vivo, la tercera edici\u00f3n del Mundial Sub-23 de Beisbol arranc\u00f3 de manera oficial la noche de este jueves en el Estadio de Yaquis en Ciudad Obreg\u00f3n, Sonora, ceremonia que tuvo que ser aplazada <img loading=\"lazy\" decoding=\"async\" class=\"alignleft size-medium wp-image-1232496\" src=\"https:\/\/www.acapulco.press\/wp-content\/uploads\/2021\/09\/submundial-beisbol-mexico2-375x220.jpeg\" alt=\"\" width=\"375\" height=\"220\" \/>alrededor de una hora y media, debido a una torrencial lluvia que sorprendi\u00f3 a la entidad.<\/p>\n<p style=\"text-align: justify;\">El magno evento, organizado por la Confederaci\u00f3n Mundial de Beisbol y Softbol (WBSC, por sus siglas en ingl\u00e9s), la Comisi\u00f3n Nacional de Cultura F\u00edsica y Deporte (Conade) y el Gobierno de Sonora, dio la bienvenida a las 12 selecciones que durante 10 d\u00edas de competencias estar\u00e1n luchando por llevarse el ansiado trofeo.<\/p>\n<p style=\"text-align: justify;\">Durante la ceremonia, Ana Gabriela Guevara, directora de la Conade, destac\u00f3 el poder que tiene el deporte de unir a las personas, as\u00ed como los esfuerzos realizados para que este Mundial pudiera llevarse a cabo y brinde la oportunidad a los jugadores de mostrar sus habilidades.<\/p>\n<p style=\"text-align: justify;\">\u00abEl deporte tiene la capacidad de unir al mundo y hoy, el mundo ha venido a Sonora, que gane el mejor y quiero agradecer a todas las autoridades que han hecho posible que esto sea hoy una realidad; disfruten de los 50 juegos de beisbol, pues el &#8216;Rey de los Deportes&#8217; les dar\u00e1 diversi\u00f3n a todos los aficionados\u00bb, Ana Gabriela Guevara.<\/p>\n<p style=\"text-align: justify;\">Por su parte, Alfonso Durazo, gobernador de Sonora, agradeci\u00f3 el apoyo recibido por parte de las instituciones involucradas para realizar este magno evento y poner al estado fronterizo en los ojos del mundo, gracias al \u00abRey de los Deportes\u00bb.<\/p>\n<p style=\"text-align: justify;\">\u00abEs importante que se haya distinguido a Sonora con este honor de ser sede de la tercera Copa, nos honra mucho y estaremos a la altura para quienes nos siguen en los medios internacionales, por lo que declaro formalmente inaugurado el Campeonato Mundial de Beisbol Sub-23, que gane el mejor y felicidades\u00bb, mencion\u00f3.<\/p>\n","protected":false},"excerpt":{"rendered":"<p>CIUDAD OBREG\u00d3N. * 24 de septiembre de 2021. ) Conade. En medio de una fiesta de luces, pirotecnia y orquesta en vivo, la tercera edici\u00f3n del Mundial Sub-23 de Beisbol arranc\u00f3 de manera oficial la noche de este jueves en el Estadio de Yaquis en Ciudad Obreg\u00f3n, Sonora, ceremonia que tuvo que ser aplazada alrededor&#8230;<\/p>\n","protected":false},"author":2,"featured_media":1232495,"comment_status":"closed","ping_status":"closed","sticky":false,"template":"","format":"standard","meta":{"footnotes":""},"categories":[1972,1988,18566],"tags":[3843,6169,6284,6339,13414,15541,18221],"class_list":["post-1232494","post","type-post","status-publish","format-standard","has-post-thumbnail","hentry","category-special","category-lifestyles","category-sports-lifestyles","tag-ana-gabriela-guevara-espinoza","tag-comision-nacional-de-cultura-fisica-y-deporte-conade","tag-conade","tag-confederacion-mundial-de-beisbol-y-softbol-wbsc","tag-mundial-sub-23-de-beisbol","tag-rey-de-los-deportes","tag-yaquis-en-ciudad-obregon"],"_links":{"self":[{"href":"https:\/\/www.acapulcopress.com\/index.php\/wp-json\/wp\/v2\/posts\/1232494","targetHints":{"allow":["GET"]}}],"collection":[{"href":"https:\/\/www.acapulcopress.com\/index.php\/wp-json\/wp\/v2\/posts"}],"about":[{"href":"https:\/\/www.acapulcopress.com\/index.php\/wp-json\/wp\/v2\/types\/post"}],"author":[{"embeddable":true,"href":"https:\/\/www.acapulcopress.com\/index.php\/wp-json\/wp\/v2\/users\/2"}],"replies":[{"embeddable":true,"href":"https:\/\/www.acapulcopress.com\/index.php\/wp-json\/wp\/v2\/comments?post=1232494"}],"version-history":[{"count":0,"href":"https:\/\/www.acapulcopress.com\/index.php\/wp-json\/wp\/v2\/posts\/1232494\/revisions"}],"wp:featuredmedia":[{"embeddable":true,"href":"https:\/\/www.acapulcopress.com\/index.php\/wp-json\/"}],"wp:attachment":[{"href":"https:\/\/www.acapulcopress.com\/index.php\/wp-json\/wp\/v2\/media?parent=1232494"}],"wp:term":[{"taxonomy":"category","embeddable":true,"href":"https:\/\/www.acapulcopress.com\/index.php\/wp-json\/wp\/v2\/categories?post=1232494"},{"taxonomy":"post_tag","embeddable":true,"href":"https:\/\/www.acapulcopress.com\/index.php\/wp-json\/wp\/v2\/tags?post=1232494"}],"curies":[{"name":"wp","href":"https:\/\/api.w.org\/{rel}","templated":true}]}}