{"id":1232522,"date":"2021-09-25T10:55:38","date_gmt":"2021-09-25T15:55:38","guid":{"rendered":"https:\/\/www.acapulco.press\/?p=1232522"},"modified":"2021-09-25T10:55:38","modified_gmt":"2021-09-25T15:55:38","slug":"exige-gaby-bernal-al-gobierno-de-acapulco-resolver-problema-de-la-basura","status":"publish","type":"post","link":"https:\/\/www.acapulcopress.com\/index.php\/2021\/09\/25\/exige-gaby-bernal-al-gobierno-de-acapulco-resolver-problema-de-la-basura\/","title":{"rendered":"Exige Gaby Bernal al gobierno de Acapulco resolver problema de la basura"},"content":{"rendered":"<p>* \u00abCon la salud de los acapulque\u00f1os no se debe atentar\u00bb, sostiene la diputada pri\u00edsta.<\/p>\n<p style=\"text-align: justify;\">ACAPULCO. * 25 de septiembre de 2021.<br \/>\n) Especial.<br \/>\n\u00abExigimos a las autoridades municipales no atentar contra la salud de las familias acapulque\u00f1as y responder urgentemente a esta <img loading=\"lazy\" decoding=\"async\" class=\"alignleft size-medium wp-image-1232524\" src=\"https:\/\/www.acapulco.press\/wp-content\/uploads\/2021\/09\/gbernal_acap-375x246.jpeg\" alt=\"\" width=\"375\" height=\"246\" \/>problem\u00e1tica que aqueja al puerto de Acapulco\u00bb culmin\u00f3 la diputada local, Gabriela Bernal Res\u00e9ndiz.<\/p>\n<p style=\"text-align: justify;\">La legisladora priista, conden\u00f3 la irresponsabilidad de la administraci\u00f3n municipal y lament\u00f3 el que las y los ciudadanos sufran la Declaratoria de Emergencia Sanitaria en Acapulco por parte de la Secretar\u00eda Estatal de Salud en Guerrero.<\/p>\n<p style=\"text-align: justify;\">Todo esto despu\u00e9s del exhorto que se emiti\u00f3 el pasado 20 de septiembre por la Copriseg y de diversos recorridos realizados por parte de dicha instancia en las \u00faltimas 96 horas, se constat\u00f3 qu\u00e9 el d\u00eda de hoy 24 de septiembre del a\u00f1o 2021, los puntos de contaminaci\u00f3n contin\u00faan sin limpiarse.<\/p>\n","protected":false},"excerpt":{"rendered":"<p>* \u00abCon la salud de los acapulque\u00f1os no se debe atentar\u00bb, sostiene la diputada pri\u00edsta. ACAPULCO. * 25 de septiembre de 2021. ) Especial. \u00abExigimos a las autoridades municipales no atentar contra la salud de las familias acapulque\u00f1as y responder urgentemente a esta problem\u00e1tica que aqueja al puerto de Acapulco\u00bb culmin\u00f3 la diputada local, Gabriela&#8230;<\/p>\n","protected":false},"author":2,"featured_media":1232523,"comment_status":"closed","ping_status":"closed","sticky":false,"template":"","format":"standard","meta":{"footnotes":""},"categories":[61,18561],"tags":[4485,6627,9074],"class_list":["post-1232522","post","type-post","status-publish","format-standard","has-post-thumbnail","hentry","category-legislacion","category-society-politics","tag-ayuntamiento-de-acapulco","tag-copriseg","tag-gaby-bernal"],"_links":{"self":[{"href":"https:\/\/www.acapulcopress.com\/index.php\/wp-json\/wp\/v2\/posts\/1232522","targetHints":{"allow":["GET"]}}],"collection":[{"href":"https:\/\/www.acapulcopress.com\/index.php\/wp-json\/wp\/v2\/posts"}],"about":[{"href":"https:\/\/www.acapulcopress.com\/index.php\/wp-json\/wp\/v2\/types\/post"}],"author":[{"embeddable":true,"href":"https:\/\/www.acapulcopress.com\/index.php\/wp-json\/wp\/v2\/users\/2"}],"replies":[{"embeddable":true,"href":"https:\/\/www.acapulcopress.com\/index.php\/wp-json\/wp\/v2\/comments?post=1232522"}],"version-history":[{"count":0,"href":"https:\/\/www.acapulcopress.com\/index.php\/wp-json\/wp\/v2\/posts\/1232522\/revisions"}],"wp:featuredmedia":[{"embeddable":true,"href":"https:\/\/www.acapulcopress.com\/index.php\/wp-json\/"}],"wp:attachment":[{"href":"https:\/\/www.acapulcopress.com\/index.php\/wp-json\/wp\/v2\/media?parent=1232522"}],"wp:term":[{"taxonomy":"category","embeddable":true,"href":"https:\/\/www.acapulcopress.com\/index.php\/wp-json\/wp\/v2\/categories?post=1232522"},{"taxonomy":"post_tag","embeddable":true,"href":"https:\/\/www.acapulcopress.com\/index.php\/wp-json\/wp\/v2\/tags?post=1232522"}],"curies":[{"name":"wp","href":"https:\/\/api.w.org\/{rel}","templated":true}]}}