{"id":1232531,"date":"2021-09-28T19:47:55","date_gmt":"2021-09-29T00:47:55","guid":{"rendered":"https:\/\/www.acapulco.press\/?p=1232531"},"modified":"2021-09-28T19:47:55","modified_gmt":"2021-09-29T00:47:55","slug":"policia-ministerial-captura-a-presunto-feminicida-de-coyuca-de-catalan","status":"publish","type":"post","link":"https:\/\/www.acapulcopress.com\/index.php\/2021\/09\/28\/policia-ministerial-captura-a-presunto-feminicida-de-coyuca-de-catalan\/","title":{"rendered":"Polic\u00eda Ministerial captura a presunto feminicida de Coyuca de Catal\u00e1n"},"content":{"rendered":"<p>CHILPANCINGO. * 28 de septiembre de 2021.<br \/>\n<em>) <a href=\"https:\/\/fiscaliaguerrero.gob.mx\" target=\"_blank\" rel=\"noopener\">https:\/\/fiscaliaguerrero.gob.mx<\/a>.<\/em><\/p>\n<p style=\"text-align: justify;\">Fiscal\u00eda de Guerrero a trav\u00e9s de la Polic\u00eda Investigadora Ministerial de Coyuca de Catal\u00e1n, dio cumplimiento a la orden de aprehensi\u00f3n en contra de Jos\u00e9 Luis \u00abN\u00bb, detenido como probable responsable del delito de homicidio y lesiones en agravio de f\u00e9mina, hechos relacionados con la causa penal 126\/2010-II quedando a disposici\u00f3n del Juez Segundo Penal del Distrito Judicial de Tabares..<\/p>\n","protected":false},"excerpt":{"rendered":"<p>CHILPANCINGO. * 28 de septiembre de 2021. ) https:\/\/fiscaliaguerrero.gob.mx. Fiscal\u00eda de Guerrero a trav\u00e9s de la Polic\u00eda Investigadora Ministerial de Coyuca de Catal\u00e1n, dio cumplimiento a la orden de aprehensi\u00f3n en contra de Jos\u00e9 Luis \u00abN\u00bb, detenido como probable responsable del delito de homicidio y lesiones en agravio de f\u00e9mina, hechos relacionados con la causa&#8230;<\/p>\n","protected":false},"author":2,"featured_media":1232533,"comment_status":"closed","ping_status":"closed","sticky":false,"template":"","format":"standard","meta":{"footnotes":""},"categories":[1969,2005],"tags":[8703,10946,14737],"class_list":["post-1232531","post","type-post","status-publish","format-standard","has-post-thumbnail","hentry","category-trending","category-seguridad-y-justicia","tag-fiscalia-general-del-estado-de-guerrero-fge","tag-jorge-zuriel-de-los-santos-barrila","tag-policia-ministerial-de-guerrero"],"_links":{"self":[{"href":"https:\/\/www.acapulcopress.com\/index.php\/wp-json\/wp\/v2\/posts\/1232531","targetHints":{"allow":["GET"]}}],"collection":[{"href":"https:\/\/www.acapulcopress.com\/index.php\/wp-json\/wp\/v2\/posts"}],"about":[{"href":"https:\/\/www.acapulcopress.com\/index.php\/wp-json\/wp\/v2\/types\/post"}],"author":[{"embeddable":true,"href":"https:\/\/www.acapulcopress.com\/index.php\/wp-json\/wp\/v2\/users\/2"}],"replies":[{"embeddable":true,"href":"https:\/\/www.acapulcopress.com\/index.php\/wp-json\/wp\/v2\/comments?post=1232531"}],"version-history":[{"count":0,"href":"https:\/\/www.acapulcopress.com\/index.php\/wp-json\/wp\/v2\/posts\/1232531\/revisions"}],"wp:featuredmedia":[{"embeddable":true,"href":"https:\/\/www.acapulcopress.com\/index.php\/wp-json\/"}],"wp:attachment":[{"href":"https:\/\/www.acapulcopress.com\/index.php\/wp-json\/wp\/v2\/media?parent=1232531"}],"wp:term":[{"taxonomy":"category","embeddable":true,"href":"https:\/\/www.acapulcopress.com\/index.php\/wp-json\/wp\/v2\/categories?post=1232531"},{"taxonomy":"post_tag","embeddable":true,"href":"https:\/\/www.acapulcopress.com\/index.php\/wp-json\/wp\/v2\/tags?post=1232531"}],"curies":[{"name":"wp","href":"https:\/\/api.w.org\/{rel}","templated":true}]}}