{"id":1232538,"date":"2021-09-28T20:22:47","date_gmt":"2021-09-29T01:22:47","guid":{"rendered":"https:\/\/www.acapulco.press\/?p=1232538"},"modified":"2021-09-28T20:22:47","modified_gmt":"2021-09-29T01:22:47","slug":"presidente-se-disculpa-con-pueblos-yaquis-por-agravios-del-porfiriato","status":"publish","type":"post","link":"https:\/\/www.acapulcopress.com\/index.php\/2021\/09\/28\/presidente-se-disculpa-con-pueblos-yaquis-por-agravios-del-porfiriato\/","title":{"rendered":"Presidente se disculpa con pueblos yaquis por agravios del &#8216;porfiriato&#8217;"},"content":{"rendered":"<p style=\"text-align: justify;\">VICAN, Sonora. * 28 de septiembre de 2021.<br \/>\n<em>) Gobierno de M\u00e9xico.<\/em><\/p>\n<p style=\"text-align: justify;\">El presidente Andr\u00e9s Manuel L\u00f3pez Obrador pidi\u00f3 perd\u00f3n a los pueblos originarios por los agravios cometidos durante el periodo <img loading=\"lazy\" decoding=\"async\" class=\"alignleft size-medium wp-image-1232539\" src=\"https:\/\/www.acapulco.press\/wp-content\/uploads\/2021\/09\/AMLO-YAQUI-375x250.jpg\" alt=\"\" width=\"375\" height=\"250\" \/>porfirista. En V\u00edcam, Sonora, el jefe del Ejecutivo tambi\u00e9n dio seguimiento al Plan de Justicia del Pueblo Yaqui.<\/p>\n<p style=\"text-align: justify;\">\u201cEl Estado mexicano no debe permitir nunca m\u00e1s la marginaci\u00f3n, el abuso y las injusticias en contra de los yaquis ni de ning\u00fan otro grupo \u00e9tnico o cultural de nuestro pa\u00eds. Por ello, ahora vinimos a refrendar nuestro compromiso de hacer justicia a los pueblos yaquis. Primero deseamos ofrecerles perd\u00f3n por los cr\u00edmenes de Estado que se cometieron contra sus antepasados, sobre todo, durante el porfiriato, aunque no solo durante esa dictadura\u201d, expres\u00f3.<\/p>\n<p style=\"text-align: justify;\"><img loading=\"lazy\" decoding=\"async\" class=\"alignleft size-medium wp-image-1232540\" src=\"https:\/\/www.acapulco.press\/wp-content\/uploads\/2021\/09\/AMLO-YAQUI2-375x281.jpg\" alt=\"\" width=\"375\" height=\"281\" \/>Sostuvo que a partir de una distribuci\u00f3n justa del presupuesto p\u00fablico, de la dotaci\u00f3n de tierras, de garantizar el derecho al agua, as\u00ed como la implementaci\u00f3n de un programa integral para el bienestar de los pueblos, es como el Gobierno de la Cuarta Transformaci\u00f3n tratar\u00e1 de resarcir los da\u00f1os hist\u00f3ricos a los pueblos yaquis.<\/p>\n<p style=\"text-align: justify;\">Afirm\u00f3 que las acciones se han trabajado durante dos a\u00f1os junto a las autoridades tradicionales, consult\u00e1ndolas en todo momento para la toma de decisiones, \u201cy ya empiezan a verse resultados\u201d.<\/p>\n<p style=\"text-align: justify;\">\u201cEstoy seguro que en los tres a\u00f1os que me quedan como presidente terminar\u00e9 de cumplir con los compromisos que hoy estamos refrendando y acordando. De todas formas, voy a seguir <img loading=\"lazy\" decoding=\"async\" class=\"alignleft size-medium wp-image-1232541\" src=\"https:\/\/www.acapulco.press\/wp-content\/uploads\/2021\/09\/AMLO-YAQUI3-375x250.jpg\" alt=\"\" width=\"375\" height=\"250\" \/>visitando peri\u00f3dicamente los pueblos yaquis; cada tres, cada cuatro meses voy a estar recorriendo los pueblos, para que se cumpla el Plan de Justicia a los Pueblos Yaquis\u201d, asever\u00f3.<\/p>\n<p style=\"text-align: justify;\">El mandatario detall\u00f3 que, como parte del Plan de Justicia este d\u00eda firm\u00f3 la entrega de 2 mil 900 hect\u00e1reas y se seguir\u00e1 dotando de tierra a los yaquis hasta cumplir con 20 mil hect\u00e1reas.<\/p>\n<p style=\"text-align: justify;\">Se garantizar\u00e1 el acceso al agua, asegurar la suficiencia para la agricultura y que el distrito de riego lo administren las autoridades tradicionales, lo que significar\u00e1 una inversi\u00f3n de hasta 6 mil millones de pesos.<\/p>\n<p style=\"text-align: justify;\">El presidente destac\u00f3 que est\u00e1n en desarrollo los trabajos de mejoramiento de calles e introducci\u00f3n de drenaje, mientras que el derecho a la vivienda se cumple con la distribuci\u00f3n de mil 500 apoyos.<\/p>\n<p style=\"text-align: justify;\">Adicionalmente, anunci\u00f3, en cada pueblo habr\u00e1 una unidad m\u00e9dica rural y se instalar\u00e1 un hospital del IMSS Bienestar.<\/p>\n<p style=\"text-align: justify;\">\u201cTodo esto lo estamos haciendo primero en com\u00fan acuerdo con las autoridades tradicionales, nada se est\u00e1 haciendo sin consultar a las autoridades de los pueblos y nos est\u00e1n ayudando mucho\u201d, enfatiz\u00f3.<\/p>\n<p style=\"text-align: justify;\">Confi\u00f3 en que para diciembre de 2023, con el respaldo del gobernador Alfonso Durazo Monta\u00f1o y el director del Instituto Nacional de los Pueblos Ind\u00edgenas y presidente ejecutivo de la Comisi\u00f3n Presidencial de Justicia para el Pueblo Yaqui, Adelfo Regino Montes, se habr\u00e1n consolidado las obras y cumplido los compromisos refrendados este d\u00eda.<\/p>\n<p style=\"text-align: justify;\">\u201cEs un acto de justicia a sus antepasados, los yaquis. Es un acto de justicia a todos los ind\u00edgenas de M\u00e9xico. La verdad m\u00e1s \u00edntima, m\u00e1s entra\u00f1able de nuestro pa\u00eds, de nuestra naci\u00f3n\u201d, remarc\u00f3.<\/p>\n<p style=\"text-align: justify;\">El presidente, los ocho gobernadores yaquis, la secretaria de Medio Ambiente y Recursos Naturales, y los secretarios de Bienestar; Desarrollo Agrario, Territorial y Urbano; Comunicaciones y Transportes, y Agricultura y Desarrollo Rural, firmaron los acuerdos sobre el Plan de Justicia del Pueblo Yaqui.<\/p>\n<p style=\"text-align: justify;\">Adem\u00e1s, el jefe del Ejecutivo firm\u00f3 el decreto de creaci\u00f3n del Distrito de Riego 018 y su transferencia al pueblo yaqui, y recibi\u00f3 de este la propuesta de iniciativa de reforma constitucional sobre derechos de los pueblos ind\u00edgenas y afromexicano.<\/p>\n<p style=\"text-align: justify;\">En este evento particip\u00f3 en la develaci\u00f3n de una placa conmemorativa y en una ceremonia en la Guardia Tradicional; atestigu\u00f3 la Ceremonia de la Danza del Venado y guard\u00f3 un minuto de silencio en honor de quien fuera gobernador de V\u00edcam, Agust\u00edn Gonz\u00e1lez Estrella.<\/p>\n<p style=\"text-align: justify;\">Acompa\u00f1aron al presidente, el gobernador Alfonso Durazo Monta\u00f1o y por parte del gobierno federal, las y los secretarios de la Defensa Nacional, Luis Crescencio Sandoval Gonz\u00e1lez; de Marina, Jos\u00e9 Rafael Ojeda Dur\u00e1n; de Desarrollo Agrario, Territorial y Urbano, Rom\u00e1n Meyer Falc\u00f3n; de de Seguridad y Protecci\u00f3n Ciudadana, Rosa Icela Rodr\u00edguez Vel\u00e1zquez; de Comunicaciones y Transportes, Jorge Arganis D\u00edaz Leal; de Bienestar, Javier May Rodr\u00edguez; de Agricultura y Desarrollo Rural, V\u00edctor Manuel Villalobos Ar\u00e1mbula; de Medio Ambiente y Recursos Naturales, Mar\u00eda Luisa Albores Gonz\u00e1lez y de Cultura, Alejandra Frausto Guerrero.<\/p>\n<p style=\"text-align: justify;\">Adem\u00e1s, el director general del Instituto Nacional de los Pueblos Ind\u00edgenas, Adelfo Regino Montes; el director general de la Comisi\u00f3n Nacional del Agua, Germ\u00e1n Mart\u00ednez Santoyo; el presidente de la Comisi\u00f3n Presidencial para la Conmemoraci\u00f3n de Hechos, Procesos y Personajes Hist\u00f3ricos de M\u00e9xico y director general del IMSS, Zo\u00e9 Robledo Aburto y el coordinador General de Comunicaci\u00f3n Social y Vocero del Gobierno de la Rep\u00fablica, Jes\u00fas Ram\u00edrez Cuevas.<\/p>\n<p style=\"text-align: justify;\">En calidad de invitados especiales, Cuauht\u00e9moc C\u00e1rdenas Solorzano y Salom\u00f3n Nahmad y Sitt\u00f3n. As\u00ed como la senadora de Arizona, Sally Ann Gonz\u00e1lez; la Coordinadora General del Consejo C\u00edvico de Organizaciones Populares e Ind\u00edgenas de Honduras, Bertha Z\u00fa\u00f1iga C\u00e1ceres.<\/p>\n<p style=\"text-align: justify;\">Estuvieron presentes el presidente de Pascua Yaqui, Peter Yucupicio y los gobernadores de V\u00edcam, Crisogono Castillo Bacasegua; de P\u00f3tam, Juan Espinoza Leyva; T\u00f3rim, Florentino Mart\u00ednez Molina; R\u00e1hum, Ram\u00f3n Valenzuela \u00c1lvarez; Hu\u00edrivis, Juan Miguel Garc\u00eda Vega; de Belem, Jos\u00e9 Ricardo Jaimes Valenzuela; de Loma de Guam\u00fachil C\u00f3corit, Guillermo Valdez Castillo y de Loma de B\u00e1cum, Juan Mar\u00eda Estrella Molina.<\/p>\n<p style=\"text-align: justify;\">Tambi\u00e9n los secretarios de la Guardia Tradicional de V\u00edcam, On\u00e9simo Buitimea Valenzuela; de Tor\u00edm, J\u00e9sus Patricio Varela Mart\u00ednez y de R\u00e1hum, Cris\u00f3foro Valenzuela; as\u00ed como la deportista Rar\u00e1muri, Mar\u00eda Lorena Ram\u00edrez Nahueachi.<\/p>\n","protected":false},"excerpt":{"rendered":"<p>VICAN, Sonora. * 28 de septiembre de 2021. ) Gobierno de M\u00e9xico. El presidente Andr\u00e9s Manuel L\u00f3pez Obrador pidi\u00f3 perd\u00f3n a los pueblos originarios por los agravios cometidos durante el periodo porfirista. En V\u00edcam, Sonora, el jefe del Ejecutivo tambi\u00e9n dio seguimiento al Plan de Justicia del Pueblo Yaqui. \u201cEl Estado mexicano no debe permitir&#8230;<\/p>\n","protected":false},"author":2,"featured_media":1232542,"comment_status":"closed","ping_status":"closed","sticky":false,"template":"","format":"standard","meta":{"footnotes":""},"categories":[1972,18573,18561],"tags":[3896,14613,14782,18220],"class_list":["post-1232538","post","type-post","status-publish","format-standard","has-post-thumbnail","hentry","category-special","category-goverment","category-society-politics","tag-andres-manuel-lopez-obrador","tag-plan-de-justicia-del-pueblo-yaqui","tag-porfirio-diaz","tag-yaqui"],"_links":{"self":[{"href":"https:\/\/www.acapulcopress.com\/index.php\/wp-json\/wp\/v2\/posts\/1232538","targetHints":{"allow":["GET"]}}],"collection":[{"href":"https:\/\/www.acapulcopress.com\/index.php\/wp-json\/wp\/v2\/posts"}],"about":[{"href":"https:\/\/www.acapulcopress.com\/index.php\/wp-json\/wp\/v2\/types\/post"}],"author":[{"embeddable":true,"href":"https:\/\/www.acapulcopress.com\/index.php\/wp-json\/wp\/v2\/users\/2"}],"replies":[{"embeddable":true,"href":"https:\/\/www.acapulcopress.com\/index.php\/wp-json\/wp\/v2\/comments?post=1232538"}],"version-history":[{"count":0,"href":"https:\/\/www.acapulcopress.com\/index.php\/wp-json\/wp\/v2\/posts\/1232538\/revisions"}],"wp:featuredmedia":[{"embeddable":true,"href":"https:\/\/www.acapulcopress.com\/index.php\/wp-json\/"}],"wp:attachment":[{"href":"https:\/\/www.acapulcopress.com\/index.php\/wp-json\/wp\/v2\/media?parent=1232538"}],"wp:term":[{"taxonomy":"category","embeddable":true,"href":"https:\/\/www.acapulcopress.com\/index.php\/wp-json\/wp\/v2\/categories?post=1232538"},{"taxonomy":"post_tag","embeddable":true,"href":"https:\/\/www.acapulcopress.com\/index.php\/wp-json\/wp\/v2\/tags?post=1232538"}],"curies":[{"name":"wp","href":"https:\/\/api.w.org\/{rel}","templated":true}]}}