{"id":1232573,"date":"2021-09-28T21:46:07","date_gmt":"2021-09-29T02:46:07","guid":{"rendered":"https:\/\/www.acapulco.press\/?p=1232573"},"modified":"2021-09-28T21:46:07","modified_gmt":"2021-09-29T02:46:07","slug":"amlo-si-violo-veda-electoral-durante-difusion-de-consulta-popular-tepjf","status":"publish","type":"post","link":"https:\/\/www.acapulcopress.com\/index.php\/2021\/09\/28\/amlo-si-violo-veda-electoral-durante-difusion-de-consulta-popular-tepjf\/","title":{"rendered":"AMLO s\u00ed viol\u00f3 veda electoral durante difusi\u00f3n de Consulta Popular | TEPJF"},"content":{"rendered":"<p style=\"text-align: justify;\">CIUDAD DE M\u00c9XICO. * 28 de septiembre de 2021.<br \/>\n<em>) <a href=\"https:\/\/latinus.us\/2021\/09\/28\/tepjf-determina-que-amlo-si-violo-la-veda-electoral-durante-difusion-de-la-consulta-popular\/\" target=\"_blank\" rel=\"noopener\">Latinus<\/a>.<\/em><\/p>\n<p style=\"text-align: justify;\">La Sala Regional Especializada del Tribunal Electoral del Poder Judicial de la Federaci\u00f3n (TEPJF) concluy\u00f3 este martes que el presidente Andr\u00e9s Manuel L\u00f3pez Obrador s\u00ed incurri\u00f3 en violaci\u00f3n de las leyes electorales cuando difundi\u00f3 la consulta popular para enjuiciar a los expresidentes del pa\u00eds en una de sus conferencias matutinas.<\/p>\n<p style=\"text-align: justify;\">En sesi\u00f3n virtual, los magistrados determinaron que AMLO cometi\u00f3 esta infracci\u00f3n junto con la subsecretaria del Bienestar, Ariadna Montiel, durante la conferencia del 19 de julio. \u201cEn esa ma\u00f1anera s\u00ed hubo pronunciamientos que pueden y deben considerarse de esta naturaleza, tanto del Ejecutivo como de una funcionaria de una Secretar\u00eda de Estado\u201d sobre la pensi\u00f3n a los adultos mayores, se detalla en la resoluci\u00f3n.<\/p>\n<p style=\"text-align: justify;\">Adem\u00e1s, se determin\u00f3 que L\u00f3pez Obrador s\u00ed utiliz\u00f3 la investidura presidencial para difundir propaganda gubernamental en tiempos prohibidos.<\/p>\n<p style=\"text-align: justify;\">El 17 de septiembre pasado, la misma Sala Regional Especializada del Tribunal Electoral del Poder Judicial de la Federaci\u00f3n (TEPJF) determin\u00f3 por unanimidad que tambi\u00e9n violaron la veda electoral durante la consulta popular el gobernador de Jalisco, Enrique Alfaro, y el de Tamaulipas, Francisco Javier Garc\u00eda Cabeza de Vaca.<\/p>\n<p style=\"text-align: justify;\">Los magistrados de la Sala Regional del TEPJF ordenaron en aquella ocasi\u00f3n dar vista a los Congresos de ambas entidades para definir la sanci\u00f3n de cada mandatario.<\/p>\n<p style=\"text-align: justify;\">El partido Movimiento de Regeneraci\u00f3n Nacional (Morena) present\u00f3 denuncias contra ambos gobernadores por haber incurrido en difusi\u00f3n indebida de propaganda de gobierno, durante el periodo de la consulta popular.<\/p>\n","protected":false},"excerpt":{"rendered":"<p>CIUDAD DE M\u00c9XICO. * 28 de septiembre de 2021. ) Latinus. La Sala Regional Especializada del Tribunal Electoral del Poder Judicial de la Federaci\u00f3n (TEPJF) concluy\u00f3 este martes que el presidente Andr\u00e9s Manuel L\u00f3pez Obrador s\u00ed incurri\u00f3 en violaci\u00f3n de las leyes electorales cuando difundi\u00f3 la consulta popular para enjuiciar a los expresidentes del pa\u00eds&#8230;<\/p>\n","protected":false},"author":2,"featured_media":1232574,"comment_status":"closed","ping_status":"closed","sticky":false,"template":"","format":"standard","meta":{"footnotes":""},"categories":[2052,18561],"tags":[3896,6528,17391],"class_list":["post-1232573","post","type-post","status-publish","format-standard","has-post-thumbnail","hentry","category-elecciones","category-society-politics","tag-andres-manuel-lopez-obrador","tag-consulta-popular","tag-tribunal-electoral-del-poder-judicial-de-la-federacion-tepjf"],"_links":{"self":[{"href":"https:\/\/www.acapulcopress.com\/index.php\/wp-json\/wp\/v2\/posts\/1232573","targetHints":{"allow":["GET"]}}],"collection":[{"href":"https:\/\/www.acapulcopress.com\/index.php\/wp-json\/wp\/v2\/posts"}],"about":[{"href":"https:\/\/www.acapulcopress.com\/index.php\/wp-json\/wp\/v2\/types\/post"}],"author":[{"embeddable":true,"href":"https:\/\/www.acapulcopress.com\/index.php\/wp-json\/wp\/v2\/users\/2"}],"replies":[{"embeddable":true,"href":"https:\/\/www.acapulcopress.com\/index.php\/wp-json\/wp\/v2\/comments?post=1232573"}],"version-history":[{"count":0,"href":"https:\/\/www.acapulcopress.com\/index.php\/wp-json\/wp\/v2\/posts\/1232573\/revisions"}],"wp:featuredmedia":[{"embeddable":true,"href":"https:\/\/www.acapulcopress.com\/index.php\/wp-json\/"}],"wp:attachment":[{"href":"https:\/\/www.acapulcopress.com\/index.php\/wp-json\/wp\/v2\/media?parent=1232573"}],"wp:term":[{"taxonomy":"category","embeddable":true,"href":"https:\/\/www.acapulcopress.com\/index.php\/wp-json\/wp\/v2\/categories?post=1232573"},{"taxonomy":"post_tag","embeddable":true,"href":"https:\/\/www.acapulcopress.com\/index.php\/wp-json\/wp\/v2\/tags?post=1232573"}],"curies":[{"name":"wp","href":"https:\/\/api.w.org\/{rel}","templated":true}]}}