{"id":1232579,"date":"2021-09-29T12:05:03","date_gmt":"2021-09-29T17:05:03","guid":{"rendered":"https:\/\/www.acapulco.press\/?p=1232579"},"modified":"2021-09-29T12:05:03","modified_gmt":"2021-09-29T17:05:03","slug":"genaro-vazquez-experiencia-y-gestoria-social-al-servicio-del-pueblo","status":"publish","type":"post","link":"https:\/\/www.acapulcopress.com\/index.php\/2021\/09\/29\/genaro-vazquez-experiencia-y-gestoria-social-al-servicio-del-pueblo\/","title":{"rendered":"Genaro V\u00e1zquez | Experiencia y gestor\u00eda social al servicio del pueblo"},"content":{"rendered":"<p style=\"text-align: justify;\">Jiribilla Coste\u00f1a<br \/>\n] <strong>El Brujo Chiripero<\/strong><br \/>\n<em>) Acapulco Press<\/em><\/p>\n<p style=\"text-align: justify;\">El pr\u00f3ximo jueves, 30 de septiembre, a las 12 horas, rendir\u00e1 protesta como representante de los acapulque\u00f1os ante el Cabildo de <img loading=\"lazy\" decoding=\"async\" class=\"alignleft size-medium wp-image-1232584\" src=\"https:\/\/www.acapulco.press\/wp-content\/uploads\/2021\/09\/genarovf4-375x281.jpg\" alt=\"\" width=\"375\" height=\"281\" \/>Acapulco uno de los gestores sociales m\u00e1s representativos y queridos en las colonias populares del puerto, sobre todo aquellas fundadas con su caracter\u00edstica huella de sudor y lucha.<\/p>\n<p style=\"text-align: justify;\">Genaro V\u00e1zquez Flores al igual que la presidenta electa, Abelina L\u00f3pez, es uno de los gestores populares que mejor conoce la verdadera problem\u00e1tica y sufrir de los sectores marginales de Acapulco, tras vivir cotidianamente en carne propia, durante m\u00e1s de 30 a\u00f1os, del lado de las clases vulnerables del municipio, las carencias de servicios p\u00fablicos y el abandono de las autoridades en sectores donde \u00e9l ha predicado con el ejemplo al encabezar, con valor civil, marchas y protestas en diversas \u00e1reas y dependencias del ayuntamiento, demandando y reclamando la atenci\u00f3n que <img loading=\"lazy\" decoding=\"async\" class=\"alignleft size-medium wp-image-1232583\" src=\"https:\/\/www.acapulco.press\/wp-content\/uploads\/2021\/09\/genarovf3-375x281.jpg\" alt=\"\" width=\"375\" height=\"281\" \/>requiere el pueblo &#8211;su pueblo&#8211; al que se debe y pertenece.<\/p>\n<p style=\"text-align: justify;\">Los hechos y la historia no mienten: Genaro V\u00e1zquez, al igual que la presidenta electa, con cargo y sin cargo, es uno de los pocos gestores sociales que lo mismo remonta cerros, cruza charcos con lodo y barrancos y veredas polvorientas para visitar aquellos lugares que pol\u00edticos electoreros y gobernantes no se atreven a llegar por desidia o porque simplemente desconocen si hay vida en esos lugares marginales del para\u00edso llamado &#8216;Para\u00edso de Am\u00e9rica&#8217;, donde tambi\u00e9n hay pobreza extrema y divisi\u00f3n de clases.<\/p>\n<p style=\"text-align: justify;\">Nuestra admiraci\u00f3n y respeto a un l\u00edder natural que el 1 de octubre iniciar\u00e1 una etapa m\u00e1s en el servicio p\u00fablico, con la misma m\u00edstica <img loading=\"lazy\" decoding=\"async\" class=\"alignleft size-medium wp-image-1232582\" src=\"https:\/\/www.acapulco.press\/wp-content\/uploads\/2021\/09\/genarovf2-375x281.jpg\" alt=\"\" width=\"375\" height=\"281\" \/>y pasi\u00f3n de servir a los sectores m\u00e1s vulnerables del municipio.<\/p>\n<p style=\"text-align: justify;\">Ojal\u00e1 su experiencia y vocaci\u00f3n coadyuven a hacer un gobierno verdaderamente popular y justiciero para todos los acapulque\u00f1os, hombro a hombre con Abelina L\u00f3pez, otra gestora social que conocer a profundidad las carencias del pueblo y ha luchado, al igual que Genaro V\u00e1zquez, durante muchos a\u00f1os por la defensa y el bienestar de los que m\u00e1s ayuda necesitan.<br \/>\nSin da\u00f1os a terceros&#8230;<br \/>\n<strong>www.acapulco.press<\/strong><\/p>\n","protected":false},"excerpt":{"rendered":"<p>Jiribilla Coste\u00f1a ] El Brujo Chiripero ) Acapulco Press El pr\u00f3ximo jueves, 30 de septiembre, a las 12 horas, rendir\u00e1 protesta como representante de los acapulque\u00f1os ante el Cabildo de Acapulco uno de los gestores sociales m\u00e1s representativos y queridos en las colonias populares del puerto, sobre todo aquellas fundadas con su caracter\u00edstica huella de&#8230;<\/p>\n","protected":false},"author":2,"featured_media":1232581,"comment_status":"closed","ping_status":"closed","sticky":false,"template":"","format":"standard","meta":{"footnotes":""},"categories":[1972,2069,2008],"tags":[4485,4950,9132],"class_list":["post-1232579","post","type-post","status-publish","format-standard","has-post-thumbnail","hentry","category-special","category-a-contraluz","category-editorial","tag-ayuntamiento-de-acapulco","tag-cabildo-de-acapulco","tag-genaro-vazquez-flores"],"_links":{"self":[{"href":"https:\/\/www.acapulcopress.com\/index.php\/wp-json\/wp\/v2\/posts\/1232579","targetHints":{"allow":["GET"]}}],"collection":[{"href":"https:\/\/www.acapulcopress.com\/index.php\/wp-json\/wp\/v2\/posts"}],"about":[{"href":"https:\/\/www.acapulcopress.com\/index.php\/wp-json\/wp\/v2\/types\/post"}],"author":[{"embeddable":true,"href":"https:\/\/www.acapulcopress.com\/index.php\/wp-json\/wp\/v2\/users\/2"}],"replies":[{"embeddable":true,"href":"https:\/\/www.acapulcopress.com\/index.php\/wp-json\/wp\/v2\/comments?post=1232579"}],"version-history":[{"count":0,"href":"https:\/\/www.acapulcopress.com\/index.php\/wp-json\/wp\/v2\/posts\/1232579\/revisions"}],"wp:featuredmedia":[{"embeddable":true,"href":"https:\/\/www.acapulcopress.com\/index.php\/wp-json\/"}],"wp:attachment":[{"href":"https:\/\/www.acapulcopress.com\/index.php\/wp-json\/wp\/v2\/media?parent=1232579"}],"wp:term":[{"taxonomy":"category","embeddable":true,"href":"https:\/\/www.acapulcopress.com\/index.php\/wp-json\/wp\/v2\/categories?post=1232579"},{"taxonomy":"post_tag","embeddable":true,"href":"https:\/\/www.acapulcopress.com\/index.php\/wp-json\/wp\/v2\/tags?post=1232579"}],"curies":[{"name":"wp","href":"https:\/\/api.w.org\/{rel}","templated":true}]}}