{"id":1232604,"date":"2021-09-29T13:22:08","date_gmt":"2021-09-29T18:22:08","guid":{"rendered":"https:\/\/www.acapulco.press\/?p=1232604"},"modified":"2021-09-29T13:22:08","modified_gmt":"2021-09-29T18:22:08","slug":"ricardo-arjona-llevara-su-gira-blanco-y-negro-a-norteamerica-en-2022","status":"publish","type":"post","link":"https:\/\/www.acapulcopress.com\/index.php\/2021\/09\/29\/ricardo-arjona-llevara-su-gira-blanco-y-negro-a-norteamerica-en-2022\/","title":{"rendered":"Ricardo Arjona llevar\u00e1 su gira \u00abBlanco y negro\u00bb a Norteam\u00e9rica en 2022"},"content":{"rendered":"<p style=\"text-align: justify;\">PARIS. * 29 de septiembre de 2021.<br \/>\n<em>) <a href=\"https:\/\/www.efe.com\/efe\/espana\/cultura\/ricardo-arjona-llevara-en-2022-a-norteamerica-la-gira-blanco-y-negro\/10005-4640916\" target=\"_blank\" rel=\"noopener\">Efe<\/a>.\u00a0<\/em><\/p>\n<p style=\"text-align: justify;\">El cantautor guatemalteco Ricardo Arjona realizar\u00e1 en 2022 una gira por veinticinco ciudades de Norteam\u00e9rica para dar vida a su \u00e1lbum \u00abBlanco\u00bb (2020) y a \u00abNegro\u00bb, anunciado para este a\u00f1o y que incluir\u00e1 catorce temas in\u00e9ditos.<\/p>\n<p style=\"text-align: justify;\">Los conciertos de \u00abBlanco y negro\u00bb llevar\u00e1n al multipremiado artista, de 57 a\u00f1os, a Estados Unidos, Puerto Rico y Canad\u00e1 entre el 24 de marzo y el 11 de junio.<\/p>\n<p style=\"text-align: justify;\">En un comunicado, la empresa<em> Loud and Live,<\/em> que produce esta nueva gira, destac\u00f3 que m\u00e1s de un mill\u00f3n y medio de personas presenciaron en vivo la gira anterior de Arjona, \u00abCirco Soledad\u00bb, y m\u00e1s de 3 millones \u00abHecho a la antigua\u00bb, el \u00abstreaming\u00bb m\u00e1s visto en la historia de la m\u00fasica iberoamericana.<\/p>\n<p style=\"text-align: justify;\">Nelson Albareda, director general y fundador de<em> Loud and Live,<\/em> afirm\u00f3 que el t\u00e9rmino \u00ablegendario\u00bb le queda bien a Ricardo Arjona.<\/p>\n<p style=\"text-align: justify;\">\u00abDesde sus letras ic\u00f3nicas hasta su distintiva voz, este verdadero hombre renacentista ha trascendido las fronteras de su Guatemala natal para convertirse en un \u00edcono universal de la m\u00fasica\u00bb, agreg\u00f3.<\/p>\n<p style=\"text-align: justify;\">En febrero pasado Ricardo Arjona lanz\u00f3 un nuevo disco, \u00abCovers, demos y otras travesuras de blanco\u00bb, para el que cont\u00f3 con la complicidad de colegas como Kany Garc\u00eda, Pablo Albor\u00e1n, Joss Stone y Marc Cohen, adem\u00e1s de algunas voces que lo sedujeron a trav\u00e9s de las redes sociales.<\/p>\n<p style=\"text-align: justify;\">El disco contiene duetos de las canciones de su anterior \u00e1lbum, \u00abBlanco\u00bb, grabado en los ic\u00f3nicos estudios brit\u00e1nicos de Abbey Road.<\/p>\n<p><img loading=\"lazy\" decoding=\"async\" class=\"alignleft size-medium wp-image-1232606\" src=\"https:\/\/www.acapulco.press\/wp-content\/uploads\/2021\/09\/tour-blanco-y-negro-375x375.jpg\" alt=\"\" width=\"375\" height=\"375\" \/><\/p>\n","protected":false},"excerpt":{"rendered":"<p>PARIS. * 29 de septiembre de 2021. ) Efe.\u00a0 El cantautor guatemalteco Ricardo Arjona realizar\u00e1 en 2022 una gira por veinticinco ciudades de Norteam\u00e9rica para dar vida a su \u00e1lbum \u00abBlanco\u00bb (2020) y a \u00abNegro\u00bb, anunciado para este a\u00f1o y que incluir\u00e1 catorce temas in\u00e9ditos. Los conciertos de \u00abBlanco y negro\u00bb llevar\u00e1n al multipremiado artista,&#8230;<\/p>\n","protected":false},"author":2,"featured_media":1232605,"comment_status":"closed","ping_status":"closed","sticky":false,"template":"","format":"standard","meta":{"footnotes":""},"categories":[18563,1988],"tags":[9217,12120,13603,15566],"class_list":["post-1232604","post","type-post","status-publish","format-standard","has-post-thumbnail","hentry","category-entretenimiento","category-lifestyles","tag-gira-blanco-y-negro","tag-loud-and-live","tag-nelson-albareda","tag-ricardo-arjona"],"_links":{"self":[{"href":"https:\/\/www.acapulcopress.com\/index.php\/wp-json\/wp\/v2\/posts\/1232604","targetHints":{"allow":["GET"]}}],"collection":[{"href":"https:\/\/www.acapulcopress.com\/index.php\/wp-json\/wp\/v2\/posts"}],"about":[{"href":"https:\/\/www.acapulcopress.com\/index.php\/wp-json\/wp\/v2\/types\/post"}],"author":[{"embeddable":true,"href":"https:\/\/www.acapulcopress.com\/index.php\/wp-json\/wp\/v2\/users\/2"}],"replies":[{"embeddable":true,"href":"https:\/\/www.acapulcopress.com\/index.php\/wp-json\/wp\/v2\/comments?post=1232604"}],"version-history":[{"count":0,"href":"https:\/\/www.acapulcopress.com\/index.php\/wp-json\/wp\/v2\/posts\/1232604\/revisions"}],"wp:featuredmedia":[{"embeddable":true,"href":"https:\/\/www.acapulcopress.com\/index.php\/wp-json\/"}],"wp:attachment":[{"href":"https:\/\/www.acapulcopress.com\/index.php\/wp-json\/wp\/v2\/media?parent=1232604"}],"wp:term":[{"taxonomy":"category","embeddable":true,"href":"https:\/\/www.acapulcopress.com\/index.php\/wp-json\/wp\/v2\/categories?post=1232604"},{"taxonomy":"post_tag","embeddable":true,"href":"https:\/\/www.acapulcopress.com\/index.php\/wp-json\/wp\/v2\/tags?post=1232604"}],"curies":[{"name":"wp","href":"https:\/\/api.w.org\/{rel}","templated":true}]}}