{"id":1232611,"date":"2021-09-29T14:26:39","date_gmt":"2021-09-29T19:26:39","guid":{"rendered":"https:\/\/www.acapulco.press\/?p=1232611"},"modified":"2021-09-29T14:26:39","modified_gmt":"2021-09-29T19:26:39","slug":"contento-con-mis-posibles-relevos-amlo","status":"publish","type":"post","link":"https:\/\/www.acapulcopress.com\/index.php\/2021\/09\/29\/contento-con-mis-posibles-relevos-amlo\/","title":{"rendered":"Contento con mis posibles relevos: AMLO"},"content":{"rendered":"<p style=\"text-align: justify;\">CIUDAD DE M\u00c9XICO. * 29 de septiembre de 2021.<br \/>\n<em>) <a href=\"https:\/\/www.forbes.com.mx\/politica-estoy-contento-y-satisfecho-con-mis-posibles-relevos-lopez-obrador\/\" target=\"_blank\" rel=\"noopener\">Forbes<\/a>.<\/em><\/p>\n<p style=\"text-align: justify;\">Al hablar de su sucesi\u00f3n en el cargo, el presidente Andr\u00e9s Manuel L\u00f3pez Obrador dijo que los posibles aspirantes son honestos y responsables, por lo que se encuentra contento y satisfecho.<\/p>\n<p style=\"text-align: justify;\">El mandatario se\u00f1al\u00f3 que aunque hay temores infundados del ala conservadora sobre una supuesta reelecci\u00f3n, \u00e9l tiene claro que su partida de la Presidencia se dar\u00e1, si as\u00ed se decide en el refer\u00e9ndum revocatorio de 2022, el \u00faltimo d\u00eda de octubre de 2024.<\/p>\n<p style=\"text-align: justify;\">\u201cLa verdad que los que est\u00e1n en el movimiento de transformaci\u00f3n y que pueden continuar con este proceso, todos son muy responsables, muy sensatos, muy inteligentes, honestos, eso lo celebro\u201d, expres\u00f3 el jefe del Ejecutivo federal en su conferencia de prensa diaria.<\/p>\n<p style=\"text-align: justify;\">\u201cEstoy completamente satisfecho, contento, porque hay relevo, ese es un problema que tienen los conservadores, de d\u00f3nde van a sacar si ya nadie quiere que lo identifiquen con esos partidos y que cuiden su prestigio porque es para desprestigio tambi\u00e9n de sus hijos\u201d.<\/p>\n<p style=\"text-align: justify;\">L\u00f3pez Obrador afirm\u00f3 que su paso por la Presidencia no tiene fundamento en la acumulaci\u00f3n de poder, sino en la trascendencia de sus actos y que queden plasmados en la historia.<\/p>\n<p style=\"text-align: justify;\">Sostuvo que al final de su mandato entregar\u00e1 buenas cuentas a la poblaci\u00f3n que le confi\u00f3 su voto y que una vez que deje el cargo en 2024 no volver\u00e1 a aparecer en la escena p\u00fablica.<\/p>\n<p style=\"text-align: justify;\">El mandatario asegur\u00f3 que cerrar\u00e1 sus redes sociales, evitar\u00e1 ser fotografiado y rechazar\u00e1 cualquier invitaci\u00f3n a dar conferencias o emitir su opini\u00f3n; s\u00f3lo seguir\u00e1 publicando libros, pero el primero lo har\u00e1 tres a\u00f1os despu\u00e9s de haber dejado la Presidencia.<\/p>\n<p style=\"text-align: justify;\">\u201cNada de que invitan a dar una conferencia a la Universidad de la Ciudad de M\u00e9xico que se fund\u00f3, no; que lo invitan a un seminario sobre la reina de las maderas, la caoba, no, nada, no vuelvo a participar, cancelo el Face, el Twitter, mi tel\u00e9fono, todo. No vuelvo a estar en un acto p\u00fablico\u201d, dijo L\u00f3pez Obrador.<\/p>\n","protected":false},"excerpt":{"rendered":"<p>CIUDAD DE M\u00c9XICO. * 29 de septiembre de 2021. ) Forbes. Al hablar de su sucesi\u00f3n en el cargo, el presidente Andr\u00e9s Manuel L\u00f3pez Obrador dijo que los posibles aspirantes son honestos y responsables, por lo que se encuentra contento y satisfecho. El mandatario se\u00f1al\u00f3 que aunque hay temores infundados del ala conservadora sobre una&#8230;<\/p>\n","protected":false},"author":2,"featured_media":1232612,"comment_status":"closed","ping_status":"closed","sticky":false,"template":"","format":"standard","meta":{"footnotes":""},"categories":[1997],"tags":[3896,5853,12448,15590],"class_list":["post-1232611","post","type-post","status-publish","format-standard","has-post-thumbnail","hentry","category-noticias-destacadas","tag-andres-manuel-lopez-obrador","tag-claudia-sheinbaum-pardo","tag-marcelo-ebrard-casaubon","tag-ricardo-monreal-avila"],"_links":{"self":[{"href":"https:\/\/www.acapulcopress.com\/index.php\/wp-json\/wp\/v2\/posts\/1232611","targetHints":{"allow":["GET"]}}],"collection":[{"href":"https:\/\/www.acapulcopress.com\/index.php\/wp-json\/wp\/v2\/posts"}],"about":[{"href":"https:\/\/www.acapulcopress.com\/index.php\/wp-json\/wp\/v2\/types\/post"}],"author":[{"embeddable":true,"href":"https:\/\/www.acapulcopress.com\/index.php\/wp-json\/wp\/v2\/users\/2"}],"replies":[{"embeddable":true,"href":"https:\/\/www.acapulcopress.com\/index.php\/wp-json\/wp\/v2\/comments?post=1232611"}],"version-history":[{"count":0,"href":"https:\/\/www.acapulcopress.com\/index.php\/wp-json\/wp\/v2\/posts\/1232611\/revisions"}],"wp:featuredmedia":[{"embeddable":true,"href":"https:\/\/www.acapulcopress.com\/index.php\/wp-json\/"}],"wp:attachment":[{"href":"https:\/\/www.acapulcopress.com\/index.php\/wp-json\/wp\/v2\/media?parent=1232611"}],"wp:term":[{"taxonomy":"category","embeddable":true,"href":"https:\/\/www.acapulcopress.com\/index.php\/wp-json\/wp\/v2\/categories?post=1232611"},{"taxonomy":"post_tag","embeddable":true,"href":"https:\/\/www.acapulcopress.com\/index.php\/wp-json\/wp\/v2\/tags?post=1232611"}],"curies":[{"name":"wp","href":"https:\/\/api.w.org\/{rel}","templated":true}]}}