{"id":1232628,"date":"2021-09-30T20:49:38","date_gmt":"2021-10-01T01:49:38","guid":{"rendered":"https:\/\/www.acapulco.press\/?p=1232628"},"modified":"2021-09-30T20:49:38","modified_gmt":"2021-10-01T01:49:38","slug":"fiscalia-de-guerrero-investiga-incendio-ocurrido-en-babyo-acapulco","status":"publish","type":"post","link":"https:\/\/www.acapulcopress.com\/index.php\/2021\/09\/30\/fiscalia-de-guerrero-investiga-incendio-ocurrido-en-babyo-acapulco\/","title":{"rendered":"Fiscal\u00eda de Guerrero investiga incendio ocurrido en &#8216;Baby&#8217;O Acapulco"},"content":{"rendered":"<p style=\"text-align: justify;\">CHILPANCINGO. * 30 de septiembre de 2021.<br \/>\n<em>) <a href=\"https:\/\/fiscaliaguerrero.gob.mx\" target=\"_blank\" rel=\"noopener\">https:\/\/fiscaliaguerrero.gob.mx<\/a>.<\/em><\/p>\n<p style=\"text-align: justify;\">La Fiscal\u00eda General del Estado informa que tras recibirse una llamada al n\u00famero de emergencias 911, de ayer mi\u00e9rcoles, elementos de la Secretar\u00eda de Protecci\u00f3n Civil Estatal, acudieron a la discoteca con razon social Baby&#8217;O, donde se origin\u00f3 un incendio al interior de dicho inmueble siendo sofocado minutos despu\u00e9s y donde se realiz\u00f3 una inspecci\u00f3n ocular, misma que habr\u00e1 de determinar las causas de dicho siniestro.<\/p>\n<p style=\"text-align: justify;\">Es preciso se\u00f1alar que el Ministerio P\u00fablico desde el d\u00eda de ayer les solicit\u00f3 a los abogados de dicha empresa los videos de las c\u00e1maras de grabaci\u00f3n en el lugar y hasta el d\u00eda de hoy, no han sido entregados, tambi\u00e9n es importante mencionar que hasta este jueves se presentaron para iniciar la carpeta de investigaci\u00f3n por el delito de da\u00f1os ocasionados en este lugar, ubicado sobre la avenida Costera Miguel Alem\u00e1n<\/p>\n<p style=\"text-align: justify;\">La Fiscal\u00eda General del Estado mantiene estrecha coordinaci\u00f3n con la Secretaria de Seguridad y Protecci\u00f3n Ciudadana del Gobierno de M\u00e9xico, con el prop\u00f3sito de coadyuvar en los trabajos de investigaci\u00f3n inherentes a este registrado sobre la zona tur\u00edstica.<\/p>\n<p style=\"text-align: justify;\">La Fiscal\u00eda General del Estado con base a los dict\u00e1menes que habr\u00e1 de emitir la Secretar\u00eda de Protecci\u00f3n Civil Estatal, as\u00ed mismo los peritajes que habr\u00e1 de realizar la Direcci\u00f3n de Sevicios Periciales para deslindar responsabilidades, sin descartar durante el proceso ninguna l\u00ednea de investigaci\u00f3n que permita avanzar en el esclarecimiento del hecho ocurrido ayer aproximadamente a las 21:00 horas.<\/p>\n","protected":false},"excerpt":{"rendered":"<p>CHILPANCINGO. * 30 de septiembre de 2021. ) https:\/\/fiscaliaguerrero.gob.mx. La Fiscal\u00eda General del Estado informa que tras recibirse una llamada al n\u00famero de emergencias 911, de ayer mi\u00e9rcoles, elementos de la Secretar\u00eda de Protecci\u00f3n Civil Estatal, acudieron a la discoteca con razon social Baby&#8217;O, donde se origin\u00f3 un incendio al interior de dicho inmueble siendo&#8230;<\/p>\n","protected":false},"author":2,"featured_media":1232629,"comment_status":"closed","ping_status":"closed","sticky":false,"template":"","format":"standard","meta":{"footnotes":""},"categories":[1969,2005],"tags":[8703,10946,14737],"class_list":["post-1232628","post","type-post","status-publish","format-standard","has-post-thumbnail","hentry","category-trending","category-seguridad-y-justicia","tag-fiscalia-general-del-estado-de-guerrero-fge","tag-jorge-zuriel-de-los-santos-barrila","tag-policia-ministerial-de-guerrero"],"_links":{"self":[{"href":"https:\/\/www.acapulcopress.com\/index.php\/wp-json\/wp\/v2\/posts\/1232628","targetHints":{"allow":["GET"]}}],"collection":[{"href":"https:\/\/www.acapulcopress.com\/index.php\/wp-json\/wp\/v2\/posts"}],"about":[{"href":"https:\/\/www.acapulcopress.com\/index.php\/wp-json\/wp\/v2\/types\/post"}],"author":[{"embeddable":true,"href":"https:\/\/www.acapulcopress.com\/index.php\/wp-json\/wp\/v2\/users\/2"}],"replies":[{"embeddable":true,"href":"https:\/\/www.acapulcopress.com\/index.php\/wp-json\/wp\/v2\/comments?post=1232628"}],"version-history":[{"count":0,"href":"https:\/\/www.acapulcopress.com\/index.php\/wp-json\/wp\/v2\/posts\/1232628\/revisions"}],"wp:featuredmedia":[{"embeddable":true,"href":"https:\/\/www.acapulcopress.com\/index.php\/wp-json\/"}],"wp:attachment":[{"href":"https:\/\/www.acapulcopress.com\/index.php\/wp-json\/wp\/v2\/media?parent=1232628"}],"wp:term":[{"taxonomy":"category","embeddable":true,"href":"https:\/\/www.acapulcopress.com\/index.php\/wp-json\/wp\/v2\/categories?post=1232628"},{"taxonomy":"post_tag","embeddable":true,"href":"https:\/\/www.acapulcopress.com\/index.php\/wp-json\/wp\/v2\/tags?post=1232628"}],"curies":[{"name":"wp","href":"https:\/\/api.w.org\/{rel}","templated":true}]}}