{"id":1232634,"date":"2021-09-30T21:10:16","date_gmt":"2021-10-01T02:10:16","guid":{"rendered":"https:\/\/www.acapulco.press\/?p=1232634"},"modified":"2021-09-30T21:10:16","modified_gmt":"2021-10-01T02:10:16","slug":"fgegro-vincula-a-proceso-a-dos-extorsionadores-y-a-un-agresor","status":"publish","type":"post","link":"https:\/\/www.acapulcopress.com\/index.php\/2021\/09\/30\/fgegro-vincula-a-proceso-a-dos-extorsionadores-y-a-un-agresor\/","title":{"rendered":"#FGEGro vincula a proceso a dos extorsionadores y a un agresor"},"content":{"rendered":"<p style=\"text-align: justify;\">CHILPANCINGO. * 30 de septiembre de 2021.<br \/>\n<em>) <a href=\"https:\/\/fiscaliaguerrero.gob.mx\" target=\"_blank\" rel=\"noopener\">https:\/\/fiscaliaguerrero.gob.mx<\/a>.<\/em><\/p>\n<p style=\"text-align: justify;\">El Ministerio P\u00fablico de la ciudad de Acapulco obtuvo en audiencia vinculaci\u00f3n a proceso en contra de Guillermo \u00abN\u00bb y Brayan \u00abN\u00bb, como probables responsables del delito de extorsi\u00f3n agravada.<\/p>\n<p style=\"text-align: justify;\">Los imputados de manera conjunta con otra persona del sexo masculino, amenazaban con arma de fuego y exig\u00edan una cantidad <img loading=\"lazy\" decoding=\"async\" class=\"alignleft size-medium wp-image-1232635\" src=\"https:\/\/www.acapulco.press\/wp-content\/uploads\/2021\/09\/FGE-Adelaido-375x375.jpeg\" alt=\"\" width=\"375\" height=\"375\" \/>de dinero a comerciantes y vendedores, en ciudad Renacimiento, hechos en carpeta judicial C-557\/2021.<\/p>\n<p style=\"text-align: justify;\">En audiencia inicial el Ministerio P\u00fablico aport\u00f3 los datos de prueba y el Juez de Control los vincul\u00f3 a proceso por el delito en menci\u00f3n, otorgando un plazo de tres meses de investigaci\u00f3n complementaria y quedando internos en el Centro de Reinserci\u00f3n Social de Acapulco bajo la medida cautelar de prisi\u00f3n preventiva oficiosa.<\/p>\n<p style=\"text-align: justify;\">En otro asunto, la Polic\u00eda Investigadora Ministerial de la Regi\u00f3n Monta\u00f1a, dieron cumplimiento a dos \u00f3rdenes de aprehensi\u00f3n en contra de quien dijo llamarse Adelaido \u00abN\u00bb, detenido sobre carretera estatal Atlixtac-Tlapa de Comonfort, a la altura del crucero que conduce al poblado de Atlamajalcingo, como probable responsable del delito de lesiones agravadas en agravio de Aurelio \u00abN\u00bb y Miguel \u00abN\u00bb, y por despojo en agravio del N\u00facleo Agrario Comunal de San Nicol\u00e1s Zoyatl\u00e1n, municipio de Xalpatl\u00e1huac, relacionadas con la causa penal, la primera 145\/2007-II y la segunda 186\/2008-I, respectivamente, quedando los detenidos a disposici\u00f3n del Juez de Primera Instancia Penal del Distrito Judicial de Morelos.<\/p>\n<p style=\"text-align: justify;\">\n&#8212;<\/p>\n<p style=\"text-align: justify;\">\n<p style=\"text-align: justify;\">Jorge Zuriel de los Santos Barrila,<br \/>\nFiscal\u00eda General del Estado de Guerrero (FGE),<br \/>\nPolic\u00eda Ministerial de Guerrero,<\/p>\n<p style=\"text-align: justify;\">https:\/\/fiscaliaguerrero.gob.mx.<\/p>\n","protected":false},"excerpt":{"rendered":"<p>CHILPANCINGO. * 30 de septiembre de 2021. ) https:\/\/fiscaliaguerrero.gob.mx. El Ministerio P\u00fablico de la ciudad de Acapulco obtuvo en audiencia vinculaci\u00f3n a proceso en contra de Guillermo \u00abN\u00bb y Brayan \u00abN\u00bb, como probables responsables del delito de extorsi\u00f3n agravada. Los imputados de manera conjunta con otra persona del sexo masculino, amenazaban con arma de fuego&#8230;<\/p>\n","protected":false},"author":2,"featured_media":1232636,"comment_status":"closed","ping_status":"closed","sticky":false,"template":"","format":"standard","meta":{"footnotes":""},"categories":[1969,2005],"tags":[8703,10946,14737],"class_list":["post-1232634","post","type-post","status-publish","format-standard","has-post-thumbnail","hentry","category-trending","category-seguridad-y-justicia","tag-fiscalia-general-del-estado-de-guerrero-fge","tag-jorge-zuriel-de-los-santos-barrila","tag-policia-ministerial-de-guerrero"],"_links":{"self":[{"href":"https:\/\/www.acapulcopress.com\/index.php\/wp-json\/wp\/v2\/posts\/1232634","targetHints":{"allow":["GET"]}}],"collection":[{"href":"https:\/\/www.acapulcopress.com\/index.php\/wp-json\/wp\/v2\/posts"}],"about":[{"href":"https:\/\/www.acapulcopress.com\/index.php\/wp-json\/wp\/v2\/types\/post"}],"author":[{"embeddable":true,"href":"https:\/\/www.acapulcopress.com\/index.php\/wp-json\/wp\/v2\/users\/2"}],"replies":[{"embeddable":true,"href":"https:\/\/www.acapulcopress.com\/index.php\/wp-json\/wp\/v2\/comments?post=1232634"}],"version-history":[{"count":0,"href":"https:\/\/www.acapulcopress.com\/index.php\/wp-json\/wp\/v2\/posts\/1232634\/revisions"}],"wp:featuredmedia":[{"embeddable":true,"href":"https:\/\/www.acapulcopress.com\/index.php\/wp-json\/"}],"wp:attachment":[{"href":"https:\/\/www.acapulcopress.com\/index.php\/wp-json\/wp\/v2\/media?parent=1232634"}],"wp:term":[{"taxonomy":"category","embeddable":true,"href":"https:\/\/www.acapulcopress.com\/index.php\/wp-json\/wp\/v2\/categories?post=1232634"},{"taxonomy":"post_tag","embeddable":true,"href":"https:\/\/www.acapulcopress.com\/index.php\/wp-json\/wp\/v2\/tags?post=1232634"}],"curies":[{"name":"wp","href":"https:\/\/api.w.org\/{rel}","templated":true}]}}