{"id":1232641,"date":"2021-09-30T21:48:44","date_gmt":"2021-10-01T02:48:44","guid":{"rendered":"https:\/\/www.acapulco.press\/?p=1232641"},"modified":"2021-09-30T21:48:44","modified_gmt":"2021-10-01T02:48:44","slug":"expresidente-de-espana-se-mofa-de-amlo-por-la-conquista-de-mexico","status":"publish","type":"post","link":"https:\/\/www.acapulcopress.com\/index.php\/2021\/09\/30\/expresidente-de-espana-se-mofa-de-amlo-por-la-conquista-de-mexico\/","title":{"rendered":"Expresidente de Espa\u00f1a se mofa de AMLO por La Conquista de M\u00e9xico"},"content":{"rendered":"<p style=\"text-align: justify;\">CIUDAD DE M\u00c9XICO. * 30 de septiembre de 2021.<br \/>\n<em>) <a href=\"https:\/\/apnews.com\/article\/noticias-8c15a8ed7b329a9e7576de229a4bbc45\" target=\"_blank\" rel=\"noopener\">AP<\/a>.<\/em><\/p>\n<p style=\"text-align: justify;\">Las recientes declaraciones sobre la \u00e9poca de la conquista de M\u00e9xico lanzadas por l\u00edderes de la oposici\u00f3n espa\u00f1ola, incluido el expresidente Jos\u00e9 Mar\u00eda Aznar, alimentaron la pol\u00e9mica el jueves entre ambos pa\u00edses, cuyas relaciones no han estado exentas de ciertas tensiones tanto por temas hist\u00f3ricos como econ\u00f3micos desde que Andr\u00e9s Manuel L\u00f3pez Obrador lleg\u00f3 al poder hace casi tres a\u00f1os.<\/p>\n<p style=\"text-align: justify;\">Primero fue la petici\u00f3n de perd\u00f3n por parte del mexicano al rey de Espa\u00f1a y al papa por los abusos cometidos durante la conquista, una solicitud que L\u00f3pez Obrador lanz\u00f3 en 2019 y que Espa\u00f1a nunca acept\u00f3 al considerarla inapropiada.<\/p>\n<p style=\"text-align: justify;\">Luego han sido las constantes cr\u00edticas a las empresas espa\u00f1olas presentes en M\u00e9xico que el mandatario considera alineadas con los gobiernos neoliberales, adjetivo que para L\u00f3pez Obrador, es sin\u00f3nimo de corrupci\u00f3n.<\/p>\n<p style=\"text-align: justify;\">Ahora, las burlas del expresidente Aznar hacia L\u00f3pez Obrador en un foro del conservador Partido Popular en el que se jact\u00f3 de que hay ind\u00edgenas en Am\u00e9rica gracias a que Espa\u00f1a no los extermin\u00f3 y se burl\u00f3 del mandatario mexicano, suscitaron todo tipo de cr\u00edticas del partido oficialista mexicano.<\/p>\n<p style=\"text-align: justify;\">\u201c\u00bfD\u00edgame usted c\u00f3mo se llama?\u201d, dijo Aznar. \u201cO sea: Andr\u00e9s por parte de los aztecas, Manuel por parte de los mayas, Lopez&#8230; eso es una mezcla, y Obrador, de Santander para mayores se\u00f1as\u201d, indic\u00f3 burl\u00f3n y entre risas de sus correligionarios. \u201cHombre, es que si no hubieran pasado algunas cosas, perd\u00f3n, usted no estar\u00eda ah\u00ed, ni se podr\u00eda llamar como se llama, ni podr\u00eda haber sido bautizado\u201d, agreg\u00f3.<\/p>\n<p style=\"text-align: justify;\">El partido oficialista mexicano, Morena, que ya hab\u00eda criticado declaraciones con el mismo tono de los ultraderechistas espa\u00f1oles de Vox, emiti\u00f3 el jueves un comunicado en el que critic\u00f3 duramente que el espa\u00f1ol niegue el \u201cgenocidio\u201d ind\u00edgena y haga apolog\u00eda de una evangelizaci\u00f3n llena de abusos por los que hasta el propio papa Francisco se disculp\u00f3.<\/p>\n<p style=\"text-align: justify;\">\u201cPara fortalecer las ra\u00edces es preciso hacer una relectura del pasado, (&#8230;) reconocer los errores cometidos\u201d, indic\u00f3 el pont\u00edfice esta misma semana en un mensaje enviado a los obispos de M\u00e9xico para conmemorar los 200 a\u00f1os de la culminaci\u00f3n de la independencia. \u201cTanto mis antecesores como yo mismo, hemos pedido perd\u00f3n por los pecados personales y sociales, por todas las acciones u omisiones que no contribuyeron a la evangelizaci\u00f3n\u201d, escribi\u00f3.<\/p>\n<p style=\"text-align: justify;\">Las declaraciones de Aznar llegaron tras las cr\u00edticas de otra l\u00edder de su partido, Isabel D\u00edaz Ayuso, presidenta de la Comunidad de Madrid, a los comentarios del papa.<\/p>\n<p style=\"text-align: justify;\">Claudia Sheinbaum, alcaldesa de Ciudad de M\u00e9xico, llam\u00f3 \u201cracista\u201d a Aznar y el l\u00edder de Morena en la C\u00e1mara de Diputados, Ignacio Mier, contest\u00f3 con un tuit etimol\u00f3gico. \u201cAznar: de origen aragon\u00e9s, del lat\u00edn Asinarius, \u201cel que cr\u00eda o cuida asnos\u201d. As\u00ed que origen es destino, se convirti\u00f3 en uno de ellos\u201d.<\/p>\n<p style=\"text-align: justify;\">Todo esto ocurre en un a\u00f1o en el que M\u00e9xico conmemora los 500 a\u00f1os del fin del imperio mexica, los 200 del final de su guerra por la independencia y cuando est\u00e1 intentando reescribir parte de la historia renombrando efem\u00e9rides o con gestos simb\u00f3licos como sustituir una estatua de Crist\u00f3bal Col\u00f3n del centro de la capital por una de una mujer ind\u00edgena.<\/p>\n<p style=\"text-align: justify;\">Algunos mexicanos alaban estos cambios, parte de la oposici\u00f3n los critica y los acad\u00e9micos consideran que s\u00f3lo ser\u00e1n positivos si van acompa\u00f1ados de lecturas m\u00e1s cr\u00edticas de la historia de M\u00e9xico.<\/p>\n","protected":false},"excerpt":{"rendered":"<p>CIUDAD DE M\u00c9XICO. * 30 de septiembre de 2021. ) AP. Las recientes declaraciones sobre la \u00e9poca de la conquista de M\u00e9xico lanzadas por l\u00edderes de la oposici\u00f3n espa\u00f1ola, incluido el expresidente Jos\u00e9 Mar\u00eda Aznar, alimentaron la pol\u00e9mica el jueves entre ambos pa\u00edses, cuyas relaciones no han estado exentas de ciertas tensiones tanto por temas&#8230;<\/p>\n","protected":false},"author":2,"featured_media":1232642,"comment_status":"closed","ping_status":"closed","sticky":false,"template":"","format":"standard","meta":{"footnotes":""},"categories":[1972,18567,1988],"tags":[3896,11086,11538],"class_list":["post-1232641","post","type-post","status-publish","format-standard","has-post-thumbnail","hentry","category-special","category-historia-y-civismo","category-lifestyles","tag-andres-manuel-lopez-obrador","tag-jose-maria-aznar","tag-la-conquista-de-mexico"],"_links":{"self":[{"href":"https:\/\/www.acapulcopress.com\/index.php\/wp-json\/wp\/v2\/posts\/1232641","targetHints":{"allow":["GET"]}}],"collection":[{"href":"https:\/\/www.acapulcopress.com\/index.php\/wp-json\/wp\/v2\/posts"}],"about":[{"href":"https:\/\/www.acapulcopress.com\/index.php\/wp-json\/wp\/v2\/types\/post"}],"author":[{"embeddable":true,"href":"https:\/\/www.acapulcopress.com\/index.php\/wp-json\/wp\/v2\/users\/2"}],"replies":[{"embeddable":true,"href":"https:\/\/www.acapulcopress.com\/index.php\/wp-json\/wp\/v2\/comments?post=1232641"}],"version-history":[{"count":0,"href":"https:\/\/www.acapulcopress.com\/index.php\/wp-json\/wp\/v2\/posts\/1232641\/revisions"}],"wp:featuredmedia":[{"embeddable":true,"href":"https:\/\/www.acapulcopress.com\/index.php\/wp-json\/"}],"wp:attachment":[{"href":"https:\/\/www.acapulcopress.com\/index.php\/wp-json\/wp\/v2\/media?parent=1232641"}],"wp:term":[{"taxonomy":"category","embeddable":true,"href":"https:\/\/www.acapulcopress.com\/index.php\/wp-json\/wp\/v2\/categories?post=1232641"},{"taxonomy":"post_tag","embeddable":true,"href":"https:\/\/www.acapulcopress.com\/index.php\/wp-json\/wp\/v2\/tags?post=1232641"}],"curies":[{"name":"wp","href":"https:\/\/api.w.org\/{rel}","templated":true}]}}