{"id":1232649,"date":"2021-09-30T22:48:44","date_gmt":"2021-10-01T03:48:44","guid":{"rendered":"https:\/\/www.acapulco.press\/?p=1232649"},"modified":"2021-09-30T22:48:44","modified_gmt":"2021-10-01T03:48:44","slug":"pele-sale-de-hospital-donde-estuvo-internado-semanas","status":"publish","type":"post","link":"https:\/\/www.acapulcopress.com\/index.php\/2021\/09\/30\/pele-sale-de-hospital-donde-estuvo-internado-semanas\/","title":{"rendered":"Pel\u00e9 sale de hospital donde estuvo internado semanas"},"content":{"rendered":"<p style=\"text-align: justify;\">R\u00cdO DE JANEIRO. * 30 de septiembre de 2021.<br \/>\n<em>) <a href=\"https:\/\/apnews.com\/article\/deportes-c02177d6add07129032b5dfa1d006a9e\" target=\"_blank\" rel=\"noopener\">AP<\/a>.<\/em><\/p>\n<p style=\"text-align: justify;\">Pel\u00e9 fue dado de alta del hospital donde recibi\u00f3 tratamiento durante casi un mes.<\/p>\n<p style=\"text-align: justify;\">\u201cEstoy muy feliz por encontrarme de vuelta en mi casa\u201d, escribi\u00f3 Pel\u00e9 en su cuenta oficial de Instagram. \u201cQuiero agradecer a todo el equipo del Hospital Albert Einstein, que hizo placentera mi estad\u00eda con una acogida humana y muy cari\u00f1osa\u201d.<\/p>\n<p style=\"text-align: justify;\">El exfutbolista de 80 a\u00f1os se someti\u00f3 a la extirpaci\u00f3n de un tumor en el colon el 4 de septiembre, y pas\u00f3 d\u00edas en terapia intensiva tras la intervenci\u00f3n quir\u00fargica.<\/p>\n<p style=\"text-align: justify;\">\u201cEl paciente se encuentra estable y continuar\u00e1 con quimioterapia\u201d, dijeron los m\u00e9dicos del Hospital en un comunicado, sin dar m\u00e1s detalles.<\/p>\n<p style=\"text-align: justify;\">En d\u00edas recientes, el astro brasile\u00f1o public\u00f3 varias fotos y videos en las redes sociales, para mostrar su proceso de recuperaci\u00f3n en la cl\u00ednica. El tumor se detect\u00f3 durante ex\u00e1menes de rutina realizados a finales de agosto.<\/p>\n<p style=\"text-align: justify;\">Pel\u00e9 ayud\u00f3 a que Brasil ganara los mundiales de 1958, 1962 y 1970. Sigue siendo el goleador hist\u00f3rico de la selecci\u00f3n brasile\u00f1a, con 77 tantos en 92 partidos.<\/p>\n","protected":false},"excerpt":{"rendered":"<p>R\u00cdO DE JANEIRO. * 30 de septiembre de 2021. ) AP. Pel\u00e9 fue dado de alta del hospital donde recibi\u00f3 tratamiento durante casi un mes. \u201cEstoy muy feliz por encontrarme de vuelta en mi casa\u201d, escribi\u00f3 Pel\u00e9 en su cuenta oficial de Instagram. \u201cQuiero agradecer a todo el equipo del Hospital Albert Einstein, que hizo&#8230;<\/p>\n","protected":false},"author":2,"featured_media":1232650,"comment_status":"closed","ping_status":"closed","sticky":false,"template":"","format":"standard","meta":{"footnotes":""},"categories":[1988,18566],"tags":[14450],"class_list":["post-1232649","post","type-post","status-publish","format-standard","has-post-thumbnail","hentry","category-lifestyles","category-sports-lifestyles","tag-pele"],"_links":{"self":[{"href":"https:\/\/www.acapulcopress.com\/index.php\/wp-json\/wp\/v2\/posts\/1232649","targetHints":{"allow":["GET"]}}],"collection":[{"href":"https:\/\/www.acapulcopress.com\/index.php\/wp-json\/wp\/v2\/posts"}],"about":[{"href":"https:\/\/www.acapulcopress.com\/index.php\/wp-json\/wp\/v2\/types\/post"}],"author":[{"embeddable":true,"href":"https:\/\/www.acapulcopress.com\/index.php\/wp-json\/wp\/v2\/users\/2"}],"replies":[{"embeddable":true,"href":"https:\/\/www.acapulcopress.com\/index.php\/wp-json\/wp\/v2\/comments?post=1232649"}],"version-history":[{"count":0,"href":"https:\/\/www.acapulcopress.com\/index.php\/wp-json\/wp\/v2\/posts\/1232649\/revisions"}],"wp:featuredmedia":[{"embeddable":true,"href":"https:\/\/www.acapulcopress.com\/index.php\/wp-json\/"}],"wp:attachment":[{"href":"https:\/\/www.acapulcopress.com\/index.php\/wp-json\/wp\/v2\/media?parent=1232649"}],"wp:term":[{"taxonomy":"category","embeddable":true,"href":"https:\/\/www.acapulcopress.com\/index.php\/wp-json\/wp\/v2\/categories?post=1232649"},{"taxonomy":"post_tag","embeddable":true,"href":"https:\/\/www.acapulcopress.com\/index.php\/wp-json\/wp\/v2\/tags?post=1232649"}],"curies":[{"name":"wp","href":"https:\/\/api.w.org\/{rel}","templated":true}]}}